{"id":5913,"date":"2025-03-26T10:36:02","date_gmt":"2025-03-26T10:36:02","guid":{"rendered":"https:\/\/www.hepaoffice.com.tr\/uncategorized\/ankarada-macaristanin-1848-49-devrimi-ve-bagimsizlik-savasini-anma-konseri-duzenlendi\/"},"modified":"2025-03-26T10:42:53","modified_gmt":"2025-03-26T10:42:53","slug":"commemorative-concert-for-hungarys-1848-49-revolution-and-war-of-independence-held-in-ankara","status":"publish","type":"post","link":"https:\/\/www.hepaoffice.com.tr\/en\/news\/commemorative-concert-for-hungarys-1848-49-revolution-and-war-of-independence-held-in-ankara\/","title":{"rendered":"Commemorative Concert for Hungary\u2019s 1848-49 Revolution and War of Independence Held in Ankara"},"content":{"rendered":"<div class=\"wpb-content-wrapper\"><p>[vc_row][vc_column][vc_custom_heading text=&#8221;Commemorative Concert for Hungary\u2019s 1848-49 Revolution and War of Independence Held in Ankara&#8221; font_container=&#8221;tag:h3|text_align:left&#8221; use_theme_fonts=&#8221;yes&#8221; css=&#8221;&#8221;][vc_empty_space height=&#8221;22px&#8221;][vc_column_text css=&#8221;&#8221;]<strong>A concert was organized in the Turkish capital, Ankara, to commemorate Hungary\u2019s 1848-49 Revolution and War of Independence. <\/strong>[\/vc_column_text][vc_column_text css=&#8221;&#8221;]<\/p>\n<p class=\"selectionShareable\">The event took place at the Do\u011fan Ta\u015fdelen Contemporary Arts Center, hosted by \u00c7ankaya Municipality. Among the attendees were Hungary\u2019s Ambassador to Ankara, Viktor Matis, foreign mission representatives, and numerous guests.<\/p>\n<p>[\/vc_column_text][vc_single_image image=&#8221;5906&#8243; img_size=&#8221;full&#8221; alignment=&#8221;center&#8221; css=&#8221;&#8221;][vc_column_text css=&#8221;&#8221;]Following the speeches, an enchanting performance was delivered by award-winning Hungarian violinist M\u00e1rta \u00c1brah\u00e1m and Junior Prima and Artisjus award-winning pianist L\u00e1szl\u00f3 Borb\u00e9ly.[\/vc_column_text][vc_single_image image=&#8221;5903&#8243; img_size=&#8221;full&#8221; alignment=&#8221;center&#8221; css=&#8221;&#8221;][vc_column_text css=&#8221;&#8221;]Following the speeches, an enchanting performance was delivered by award-winning Hungarian violinist M\u00e1rta \u00c1brah\u00e1m and Junior Prima and Artisjus award-winning pianist L\u00e1szl\u00f3 Borb\u00e9ly.[\/vc_column_text][vc_single_image image=&#8221;5900&#8243; img_size=&#8221;full&#8221; alignment=&#8221;center&#8221; css=&#8221;&#8221;][vc_column_text css=&#8221;&#8221;]\u00c1brah\u00e1m, who has been playing the violin since the age of five, stated that art allows them to rediscover themselves. Borb\u00e9ly added, &#8220;Music is the best way to express myself.&#8221;[\/vc_column_text][vc_single_image image=&#8221;5897&#8243; img_size=&#8221;full&#8221; alignment=&#8221;center&#8221; css=&#8221;&#8221;][vc_column_text css=&#8221;&#8221;]<\/p>\n<p class=\"selectionShareable\">Source : <a href=\"https:\/\/www.aa.com.tr\/tr\/gundem\/ankarada-macaristanin-1848-49-devrimi-ve-bagimsizlik-savasini-anma-konseri-duzenlendi\/3510776\" target=\"_blank\" rel=\"noopener\">aa.com.tr<\/a><\/p>\n<p>[\/vc_column_text][\/vc_column][\/vc_row]<\/p>\n<\/div>","protected":false},"excerpt":{"rendered":"<p>Macaristan&#8217;\u0131n 1848-49 Devrimi ve Ba\u011f\u0131ms\u0131zl\u0131k Sava\u015f\u0131&#8217;n\u0131 anma g\u00fcn\u00fc dolay\u0131s\u0131yla ba\u015fkent Ankara&#8217;da konser organize edildi.<\/p>\n","protected":false},"author":5,"featured_media":5910,"comment_status":"closed","ping_status":"open","sticky":false,"template":"","format":"standard","meta":{"h5ap_radio_sources":[],"footnotes":""},"categories":[37],"tags":[],"class_list":["post-5913","post","type-post","status-publish","format-standard","has-post-thumbnail","hentry","category-news","category-37","description-off"],"yoast_head":"<!-- This site is optimized with the Yoast SEO plugin v26.8 - https:\/\/yoast.com\/product\/yoast-seo-wordpress\/ -->\n<title>Commemorative Concert for Hungary\u2019s 1848-49 Revolution and War of Independence Held in Ankara - HEPA Office T\u00fcrkiye<\/title>\n<meta name=\"description\" content=\"Macaristan&#039;\u0131n 1848-49 Devrimi ve Ba\u011f\u0131ms\u0131zl\u0131k Sava\u015f\u0131&#039;n\u0131 anma g\u00fcn\u00fc dolay\u0131s\u0131yla ba\u015fkent Ankara&#039;da konser organize edildi.\" \/>\n<meta name=\"robots\" content=\"index, follow, max-snippet:-1, max-image-preview:large, max-video-preview:-1\" \/>\n<link rel=\"canonical\" href=\"https:\/\/www.hepaoffice.com.tr\/en\/news\/commemorative-concert-for-hungarys-1848-49-revolution-and-war-of-independence-held-in-ankara\/\" \/>\n<meta property=\"og:locale\" content=\"en_US\" \/>\n<meta property=\"og:type\" content=\"article\" \/>\n<meta property=\"og:title\" content=\"Commemorative Concert for Hungary\u2019s 1848-49 Revolution and War of Independence Held in Ankara - HEPA Office T\u00fcrkiye\" \/>\n<meta property=\"og:description\" content=\"Macaristan&#039;\u0131n 1848-49 Devrimi ve Ba\u011f\u0131ms\u0131zl\u0131k Sava\u015f\u0131&#039;n\u0131 anma g\u00fcn\u00fc dolay\u0131s\u0131yla ba\u015fkent Ankara&#039;da konser organize edildi.\" \/>\n<meta property=\"og:url\" content=\"https:\/\/www.hepaoffice.com.tr\/en\/news\/commemorative-concert-for-hungarys-1848-49-revolution-and-war-of-independence-held-in-ankara\/\" \/>\n<meta property=\"og:site_name\" content=\"HEPA Office T\u00fcrkiye\" \/>\n<meta property=\"article:published_time\" content=\"2025-03-26T10:36:02+00:00\" \/>\n<meta property=\"article:modified_time\" content=\"2025-03-26T10:42:53+00:00\" \/>\n<meta property=\"og:image\" content=\"https:\/\/www.hepaoffice.com.tr\/wp-content\/uploads\/2025\/03\/ankarada-macaristanin-1848-49-devrimi-ve-bagimsizlik-savasini-anma-konseri-duzenlendi.jpg\" \/>\n\t<meta property=\"og:image:width\" content=\"864\" \/>\n\t<meta property=\"og:image:height\" content=\"486\" \/>\n\t<meta property=\"og:image:type\" content=\"image\/jpeg\" \/>\n<meta name=\"author\" content=\"hakank\" \/>\n<meta name=\"twitter:card\" content=\"summary_large_image\" \/>\n<meta name=\"twitter:label1\" content=\"Written by\" \/>\n\t<meta name=\"twitter:data1\" content=\"hakank\" \/>\n\t<meta name=\"twitter:label2\" content=\"Est. reading time\" \/>\n\t<meta name=\"twitter:data2\" content=\"2 minutes\" \/>\n<script type=\"application\/ld+json\" class=\"yoast-schema-graph\">{\"@context\":\"https:\/\/schema.org\",\"@graph\":[{\"@type\":\"Article\",\"@id\":\"https:\/\/www.hepaoffice.com.tr\/en\/news\/commemorative-concert-for-hungarys-1848-49-revolution-and-war-of-independence-held-in-ankara\/#article\",\"isPartOf\":{\"@id\":\"https:\/\/www.hepaoffice.com.tr\/en\/news\/commemorative-concert-for-hungarys-1848-49-revolution-and-war-of-independence-held-in-ankara\/\"},\"author\":{\"name\":\"hakank\",\"@id\":\"https:\/\/www.hepaoffice.com.tr\/#\/schema\/person\/ff62fe51140f51fe5e4c59edf1273968\"},\"headline\":\"Commemorative Concert for Hungary\u2019s 1848-49 Revolution and War of Independence Held in Ankara\",\"datePublished\":\"2025-03-26T10:36:02+00:00\",\"dateModified\":\"2025-03-26T10:42:53+00:00\",\"mainEntityOfPage\":{\"@id\":\"https:\/\/www.hepaoffice.com.tr\/en\/news\/commemorative-concert-for-hungarys-1848-49-revolution-and-war-of-independence-held-in-ankara\/\"},\"wordCount\":282,\"image\":{\"@id\":\"https:\/\/www.hepaoffice.com.tr\/en\/news\/commemorative-concert-for-hungarys-1848-49-revolution-and-war-of-independence-held-in-ankara\/#primaryimage\"},\"thumbnailUrl\":\"https:\/\/www.hepaoffice.com.tr\/wp-content\/uploads\/2025\/03\/ankarada-macaristanin-1848-49-devrimi-ve-bagimsizlik-savasini-anma-konseri-duzenlendi.jpg\",\"articleSection\":[\"News\"],\"inLanguage\":\"en-US\"},{\"@type\":\"WebPage\",\"@id\":\"https:\/\/www.hepaoffice.com.tr\/en\/news\/commemorative-concert-for-hungarys-1848-49-revolution-and-war-of-independence-held-in-ankara\/\",\"url\":\"https:\/\/www.hepaoffice.com.tr\/en\/news\/commemorative-concert-for-hungarys-1848-49-revolution-and-war-of-independence-held-in-ankara\/\",\"name\":\"Commemorative Concert for Hungary\u2019s 1848-49 Revolution and War of Independence Held in Ankara - HEPA Office T\u00fcrkiye\",\"isPartOf\":{\"@id\":\"https:\/\/www.hepaoffice.com.tr\/#website\"},\"primaryImageOfPage\":{\"@id\":\"https:\/\/www.hepaoffice.com.tr\/en\/news\/commemorative-concert-for-hungarys-1848-49-revolution-and-war-of-independence-held-in-ankara\/#primaryimage\"},\"image\":{\"@id\":\"https:\/\/www.hepaoffice.com.tr\/en\/news\/commemorative-concert-for-hungarys-1848-49-revolution-and-war-of-independence-held-in-ankara\/#primaryimage\"},\"thumbnailUrl\":\"https:\/\/www.hepaoffice.com.tr\/wp-content\/uploads\/2025\/03\/ankarada-macaristanin-1848-49-devrimi-ve-bagimsizlik-savasini-anma-konseri-duzenlendi.jpg\",\"datePublished\":\"2025-03-26T10:36:02+00:00\",\"dateModified\":\"2025-03-26T10:42:53+00:00\",\"author\":{\"@id\":\"https:\/\/www.hepaoffice.com.tr\/#\/schema\/person\/ff62fe51140f51fe5e4c59edf1273968\"},\"description\":\"Macaristan'\u0131n 1848-49 Devrimi ve Ba\u011f\u0131ms\u0131zl\u0131k Sava\u015f\u0131'n\u0131 anma g\u00fcn\u00fc dolay\u0131s\u0131yla ba\u015fkent Ankara'da konser organize edildi.\",\"breadcrumb\":{\"@id\":\"https:\/\/www.hepaoffice.com.tr\/en\/news\/commemorative-concert-for-hungarys-1848-49-revolution-and-war-of-independence-held-in-ankara\/#breadcrumb\"},\"inLanguage\":\"en-US\",\"potentialAction\":[{\"@type\":\"ReadAction\",\"target\":[\"https:\/\/www.hepaoffice.com.tr\/en\/news\/commemorative-concert-for-hungarys-1848-49-revolution-and-war-of-independence-held-in-ankara\/\"]}]},{\"@type\":\"ImageObject\",\"inLanguage\":\"en-US\",\"@id\":\"https:\/\/www.hepaoffice.com.tr\/en\/news\/commemorative-concert-for-hungarys-1848-49-revolution-and-war-of-independence-held-in-ankara\/#primaryimage\",\"url\":\"https:\/\/www.hepaoffice.com.tr\/wp-content\/uploads\/2025\/03\/ankarada-macaristanin-1848-49-devrimi-ve-bagimsizlik-savasini-anma-konseri-duzenlendi.jpg\",\"contentUrl\":\"https:\/\/www.hepaoffice.com.tr\/wp-content\/uploads\/2025\/03\/ankarada-macaristanin-1848-49-devrimi-ve-bagimsizlik-savasini-anma-konseri-duzenlendi.jpg\",\"width\":864,\"height\":486},{\"@type\":\"BreadcrumbList\",\"@id\":\"https:\/\/www.hepaoffice.com.tr\/en\/news\/commemorative-concert-for-hungarys-1848-49-revolution-and-war-of-independence-held-in-ankara\/#breadcrumb\",\"itemListElement\":[{\"@type\":\"ListItem\",\"position\":1,\"name\":\"Ana sayfa\",\"item\":\"https:\/\/www.hepaoffice.com.tr\/en\/\"},{\"@type\":\"ListItem\",\"position\":2,\"name\":\"Commemorative Concert for Hungary\u2019s 1848-49 Revolution and War of Independence Held in Ankara\"}]},{\"@type\":\"WebSite\",\"@id\":\"https:\/\/www.hepaoffice.com.tr\/#website\",\"url\":\"https:\/\/www.hepaoffice.com.tr\/\",\"name\":\"HEPA Office T\u00fcrkiye\",\"description\":\"Macaristan \u0130hracat\u0131 Te\u015fvik Ajans\u0131\",\"potentialAction\":[{\"@type\":\"SearchAction\",\"target\":{\"@type\":\"EntryPoint\",\"urlTemplate\":\"https:\/\/www.hepaoffice.com.tr\/?s={search_term_string}\"},\"query-input\":{\"@type\":\"PropertyValueSpecification\",\"valueRequired\":true,\"valueName\":\"search_term_string\"}}],\"inLanguage\":\"en-US\"},{\"@type\":\"Person\",\"@id\":\"https:\/\/www.hepaoffice.com.tr\/#\/schema\/person\/ff62fe51140f51fe5e4c59edf1273968\",\"name\":\"hakank\",\"image\":{\"@type\":\"ImageObject\",\"inLanguage\":\"en-US\",\"@id\":\"https:\/\/www.hepaoffice.com.tr\/#\/schema\/person\/image\/\",\"url\":\"https:\/\/secure.gravatar.com\/avatar\/6cbbc99a87d38379ab2258501f6d9c711707894f76e4d2c3bf11c0f9a46ccaf2?s=96&d=mm&r=g\",\"contentUrl\":\"https:\/\/secure.gravatar.com\/avatar\/6cbbc99a87d38379ab2258501f6d9c711707894f76e4d2c3bf11c0f9a46ccaf2?s=96&d=mm&r=g\",\"caption\":\"hakank\"}}]}<\/script>\n<!-- \/ Yoast SEO plugin. -->","yoast_head_json":{"title":"Commemorative Concert for Hungary\u2019s 1848-49 Revolution and War of Independence Held in Ankara - HEPA Office T\u00fcrkiye","description":"Macaristan'\u0131n 1848-49 Devrimi ve Ba\u011f\u0131ms\u0131zl\u0131k Sava\u015f\u0131'n\u0131 anma g\u00fcn\u00fc dolay\u0131s\u0131yla ba\u015fkent Ankara'da konser organize edildi.","robots":{"index":"index","follow":"follow","max-snippet":"max-snippet:-1","max-image-preview":"max-image-preview:large","max-video-preview":"max-video-preview:-1"},"canonical":"https:\/\/www.hepaoffice.com.tr\/en\/news\/commemorative-concert-for-hungarys-1848-49-revolution-and-war-of-independence-held-in-ankara\/","og_locale":"en_US","og_type":"article","og_title":"Commemorative Concert for Hungary\u2019s 1848-49 Revolution and War of Independence Held in Ankara - HEPA Office T\u00fcrkiye","og_description":"Macaristan'\u0131n 1848-49 Devrimi ve Ba\u011f\u0131ms\u0131zl\u0131k Sava\u015f\u0131'n\u0131 anma g\u00fcn\u00fc dolay\u0131s\u0131yla ba\u015fkent Ankara'da konser organize edildi.","og_url":"https:\/\/www.hepaoffice.com.tr\/en\/news\/commemorative-concert-for-hungarys-1848-49-revolution-and-war-of-independence-held-in-ankara\/","og_site_name":"HEPA Office T\u00fcrkiye","article_published_time":"2025-03-26T10:36:02+00:00","article_modified_time":"2025-03-26T10:42:53+00:00","og_image":[{"width":864,"height":486,"url":"https:\/\/www.hepaoffice.com.tr\/wp-content\/uploads\/2025\/03\/ankarada-macaristanin-1848-49-devrimi-ve-bagimsizlik-savasini-anma-konseri-duzenlendi.jpg","type":"image\/jpeg"}],"author":"hakank","twitter_card":"summary_large_image","twitter_misc":{"Written by":"hakank","Est. reading time":"2 minutes"},"schema":{"@context":"https:\/\/schema.org","@graph":[{"@type":"Article","@id":"https:\/\/www.hepaoffice.com.tr\/en\/news\/commemorative-concert-for-hungarys-1848-49-revolution-and-war-of-independence-held-in-ankara\/#article","isPartOf":{"@id":"https:\/\/www.hepaoffice.com.tr\/en\/news\/commemorative-concert-for-hungarys-1848-49-revolution-and-war-of-independence-held-in-ankara\/"},"author":{"name":"hakank","@id":"https:\/\/www.hepaoffice.com.tr\/#\/schema\/person\/ff62fe51140f51fe5e4c59edf1273968"},"headline":"Commemorative Concert for Hungary\u2019s 1848-49 Revolution and War of Independence Held in Ankara","datePublished":"2025-03-26T10:36:02+00:00","dateModified":"2025-03-26T10:42:53+00:00","mainEntityOfPage":{"@id":"https:\/\/www.hepaoffice.com.tr\/en\/news\/commemorative-concert-for-hungarys-1848-49-revolution-and-war-of-independence-held-in-ankara\/"},"wordCount":282,"image":{"@id":"https:\/\/www.hepaoffice.com.tr\/en\/news\/commemorative-concert-for-hungarys-1848-49-revolution-and-war-of-independence-held-in-ankara\/#primaryimage"},"thumbnailUrl":"https:\/\/www.hepaoffice.com.tr\/wp-content\/uploads\/2025\/03\/ankarada-macaristanin-1848-49-devrimi-ve-bagimsizlik-savasini-anma-konseri-duzenlendi.jpg","articleSection":["News"],"inLanguage":"en-US"},{"@type":"WebPage","@id":"https:\/\/www.hepaoffice.com.tr\/en\/news\/commemorative-concert-for-hungarys-1848-49-revolution-and-war-of-independence-held-in-ankara\/","url":"https:\/\/www.hepaoffice.com.tr\/en\/news\/commemorative-concert-for-hungarys-1848-49-revolution-and-war-of-independence-held-in-ankara\/","name":"Commemorative Concert for Hungary\u2019s 1848-49 Revolution and War of Independence Held in Ankara - HEPA Office T\u00fcrkiye","isPartOf":{"@id":"https:\/\/www.hepaoffice.com.tr\/#website"},"primaryImageOfPage":{"@id":"https:\/\/www.hepaoffice.com.tr\/en\/news\/commemorative-concert-for-hungarys-1848-49-revolution-and-war-of-independence-held-in-ankara\/#primaryimage"},"image":{"@id":"https:\/\/www.hepaoffice.com.tr\/en\/news\/commemorative-concert-for-hungarys-1848-49-revolution-and-war-of-independence-held-in-ankara\/#primaryimage"},"thumbnailUrl":"https:\/\/www.hepaoffice.com.tr\/wp-content\/uploads\/2025\/03\/ankarada-macaristanin-1848-49-devrimi-ve-bagimsizlik-savasini-anma-konseri-duzenlendi.jpg","datePublished":"2025-03-26T10:36:02+00:00","dateModified":"2025-03-26T10:42:53+00:00","author":{"@id":"https:\/\/www.hepaoffice.com.tr\/#\/schema\/person\/ff62fe51140f51fe5e4c59edf1273968"},"description":"Macaristan'\u0131n 1848-49 Devrimi ve Ba\u011f\u0131ms\u0131zl\u0131k Sava\u015f\u0131'n\u0131 anma g\u00fcn\u00fc dolay\u0131s\u0131yla ba\u015fkent Ankara'da konser organize edildi.","breadcrumb":{"@id":"https:\/\/www.hepaoffice.com.tr\/en\/news\/commemorative-concert-for-hungarys-1848-49-revolution-and-war-of-independence-held-in-ankara\/#breadcrumb"},"inLanguage":"en-US","potentialAction":[{"@type":"ReadAction","target":["https:\/\/www.hepaoffice.com.tr\/en\/news\/commemorative-concert-for-hungarys-1848-49-revolution-and-war-of-independence-held-in-ankara\/"]}]},{"@type":"ImageObject","inLanguage":"en-US","@id":"https:\/\/www.hepaoffice.com.tr\/en\/news\/commemorative-concert-for-hungarys-1848-49-revolution-and-war-of-independence-held-in-ankara\/#primaryimage","url":"https:\/\/www.hepaoffice.com.tr\/wp-content\/uploads\/2025\/03\/ankarada-macaristanin-1848-49-devrimi-ve-bagimsizlik-savasini-anma-konseri-duzenlendi.jpg","contentUrl":"https:\/\/www.hepaoffice.com.tr\/wp-content\/uploads\/2025\/03\/ankarada-macaristanin-1848-49-devrimi-ve-bagimsizlik-savasini-anma-konseri-duzenlendi.jpg","width":864,"height":486},{"@type":"BreadcrumbList","@id":"https:\/\/www.hepaoffice.com.tr\/en\/news\/commemorative-concert-for-hungarys-1848-49-revolution-and-war-of-independence-held-in-ankara\/#breadcrumb","itemListElement":[{"@type":"ListItem","position":1,"name":"Ana sayfa","item":"https:\/\/www.hepaoffice.com.tr\/en\/"},{"@type":"ListItem","position":2,"name":"Commemorative Concert for Hungary\u2019s 1848-49 Revolution and War of Independence Held in Ankara"}]},{"@type":"WebSite","@id":"https:\/\/www.hepaoffice.com.tr\/#website","url":"https:\/\/www.hepaoffice.com.tr\/","name":"HEPA Office T\u00fcrkiye","description":"Macaristan \u0130hracat\u0131 Te\u015fvik Ajans\u0131","potentialAction":[{"@type":"SearchAction","target":{"@type":"EntryPoint","urlTemplate":"https:\/\/www.hepaoffice.com.tr\/?s={search_term_string}"},"query-input":{"@type":"PropertyValueSpecification","valueRequired":true,"valueName":"search_term_string"}}],"inLanguage":"en-US"},{"@type":"Person","@id":"https:\/\/www.hepaoffice.com.tr\/#\/schema\/person\/ff62fe51140f51fe5e4c59edf1273968","name":"hakank","image":{"@type":"ImageObject","inLanguage":"en-US","@id":"https:\/\/www.hepaoffice.com.tr\/#\/schema\/person\/image\/","url":"https:\/\/secure.gravatar.com\/avatar\/6cbbc99a87d38379ab2258501f6d9c711707894f76e4d2c3bf11c0f9a46ccaf2?s=96&d=mm&r=g","contentUrl":"https:\/\/secure.gravatar.com\/avatar\/6cbbc99a87d38379ab2258501f6d9c711707894f76e4d2c3bf11c0f9a46ccaf2?s=96&d=mm&r=g","caption":"hakank"}}]}},"_links":{"self":[{"href":"https:\/\/www.hepaoffice.com.tr\/en\/wp-json\/wp\/v2\/posts\/5913","targetHints":{"allow":["GET"]}}],"collection":[{"href":"https:\/\/www.hepaoffice.com.tr\/en\/wp-json\/wp\/v2\/posts"}],"about":[{"href":"https:\/\/www.hepaoffice.com.tr\/en\/wp-json\/wp\/v2\/types\/post"}],"author":[{"embeddable":true,"href":"https:\/\/www.hepaoffice.com.tr\/en\/wp-json\/wp\/v2\/users\/5"}],"replies":[{"embeddable":true,"href":"https:\/\/www.hepaoffice.com.tr\/en\/wp-json\/wp\/v2\/comments?post=5913"}],"version-history":[{"count":0,"href":"https:\/\/www.hepaoffice.com.tr\/en\/wp-json\/wp\/v2\/posts\/5913\/revisions"}],"wp:featuredmedia":[{"embeddable":true,"href":"https:\/\/www.hepaoffice.com.tr\/en\/wp-json\/wp\/v2\/media\/5910"}],"wp:attachment":[{"href":"https:\/\/www.hepaoffice.com.tr\/en\/wp-json\/wp\/v2\/media?parent=5913"}],"wp:term":[{"taxonomy":"category","embeddable":true,"href":"https:\/\/www.hepaoffice.com.tr\/en\/wp-json\/wp\/v2\/categories?post=5913"},{"taxonomy":"post_tag","embeddable":true,"href":"https:\/\/www.hepaoffice.com.tr\/en\/wp-json\/wp\/v2\/tags?post=5913"}],"curies":[{"name":"wp","href":"https:\/\/api.w.org\/{rel}","templated":true}]}}