{"id":4575,"date":"2021-11-29T14:05:21","date_gmt":"2021-11-29T14:05:21","guid":{"rendered":"https:\/\/www.hepaoffice.com.tr\/?p=4575"},"modified":"2021-11-29T14:07:19","modified_gmt":"2021-11-29T14:07:19","slug":"orban-in-turkey-europe-in-need-of-allies-who-can-expand-lines-of-defence","status":"publish","type":"post","link":"https:\/\/www.hepaoffice.com.tr\/en\/news\/orban-in-turkey-europe-in-need-of-allies-who-can-expand-lines-of-defence\/","title":{"rendered":"Orb\u00e1n in Turkey: Europe in Need of Allies Who Can Expand Lines of Defence"},"content":{"rendered":"<div class=\"wpb-content-wrapper\"><p>[vc_row][vc_column][vc_custom_heading text=&#8221;Orb\u00e1n in Turkey: Europe in Need of Allies Who Can Expand Lines of Defence&#8221; font_container=&#8221;tag:h3|text_align:left&#8221; use_theme_fonts=&#8221;yes&#8221;][vc_empty_space height=&#8221;22px&#8221;][vc_column_text]<strong>Europe is in need of allies who can expand the continent\u2019s lines of defence, Prime Minister Viktor Orb\u00e1n said after talks with Turkish President Recep Tayyip Erdogan in Ankara on Thursday.<\/strong>[\/vc_column_text][vc_column_text]Without them, Europe will crumble, Orb\u00e1n told a joint press conference after a meeting of the Hungarian-Turkish high-level strategic cooperation council, adding that Turkey was one of the countries contributing to Europe\u2019s defence. Hungary is asking Brussels to provide more direct financial support to Turkey in its fight against migration, he said.<\/p>\n<p>Orb\u00e1n noted that Europe was facing migration waves from the directions of the Mediterranean, the Western Balkans and Belarus.<\/p>\n<p>The prime minister called on the European Union to support the construction of Turkey\u2019s border walls on the country\u2019s southern and eastern borders and help stabilise northern Syria.<\/p>\n<p>The prime minister said that for Hungary nurturing a friendly, strategic alliance with Ankara, as well as with Berlin and Moscow, was salient geopolitically, noting that Europe confronts health, economic and energy crises on all fronts.<\/p>\n<p>Orb\u00e1n noted that Hungary-Turkey trade ties increased by more than 30 percent during the period of the pandemic and totalled almost four billion dollars. At the start of the crisis, Turkey supplied raw materials to Hungary for the production of PPE, he added.<\/p>\n<p>He said crisis management in Hungary centred on foreign investments, and he noted that a packaging industry behemoth is implementing the biggest ever Hungarian-Turkish investment near Kaposv\u00e1r, worth 70 billion forints (EUR 192m).<\/p>\n<p>Bilateral cooperation in nuclear energy, science, research and training is ongoing, he said. Hungary has increased the number of scholarships for Turkish students from 150 to 200, he said, adding that some stipends are for students of nuclear studies.<\/p>\n<p>Orb\u00e1n and Erdogan planted a tree of Hungarian-Turkish friendship in the garden of the Ankara Presidential Palace before a meeting of the Strategic Council.<\/p>\n<p>After the talks, Hungarian ministers signed nine cooperation agreements in military, scientific, industrial, cultural, technological, tourism, sports and youth areas.<\/p>\n<p>D\u00e1niel Papp, the chief executive of Hungary\u2019s public media provider MTVA, signed an agreement with the Turkish state media service TRT and Turkish state news agency Anadolu. Cooperation that dates back many years will be expanded with joint productions and broader cooperation between the country\u2019s respective national news agencies, he said.<\/p>\n<p>The Hungarian delegation returned 101 ancient works of art seized at the Hungarian border in 2016 by the Hungarian authorities.<\/p>\n<p>[\/vc_column_text][vc_column_text]<strong>2024 to be Turkey-Hungary joint year of culture<\/strong><br \/>\n[\/vc_column_text][vc_column_text]The year 2024 will be Turkey and Hungary\u2019s joint year of culture, Turkish President Recep Tayyip Erdogan said in Ankara on Thursday at a joint press conference with Prime Minister Viktor Orb\u00e1n.<\/p>\n<p>Erdogan noted that 2024 marks the 100th anniversary of the establishment of diplomatic ties between the two countries.<\/p>\n<p>Meanwhile, Erdogan thanked Hungary for taking a stand for Turkey on the international stage.[\/vc_column_text][vc_column_text]<strong>Source:<\/strong> <a href=\"https:\/\/hungarytoday.hu\/orban-turkey-migration-borders-eu-support-erdogan\/\" target=\"_blank\" rel=\"noopener\">hungarytoday.hu<\/a>[\/vc_column_text][\/vc_column][\/vc_row]<\/p>\n<\/div>","protected":false},"excerpt":{"rendered":"<p>Europe is in need of allies who can expand the continent\u2019s lines of defence, Prime Minister Viktor Orb\u00e1n said after talks with Turkish President Recep Tayyip Erdogan in Ankara on Thursday.<\/p>\n","protected":false},"author":3,"featured_media":4578,"comment_status":"closed","ping_status":"open","sticky":false,"template":"","format":"standard","meta":{"h5ap_radio_sources":[],"footnotes":""},"categories":[37],"tags":[],"class_list":["post-4575","post","type-post","status-publish","format-standard","has-post-thumbnail","hentry","category-news","category-37","description-off"],"yoast_head":"<!-- This site is optimized with the Yoast SEO plugin v26.8 - https:\/\/yoast.com\/product\/yoast-seo-wordpress\/ -->\n<title>Orb\u00e1n in Turkey: Europe in Need of Allies Who Can Expand Lines of Defence - HEPA Office T\u00fcrkiye<\/title>\n<meta name=\"robots\" content=\"index, follow, max-snippet:-1, max-image-preview:large, max-video-preview:-1\" \/>\n<link rel=\"canonical\" href=\"https:\/\/www.hepaoffice.com.tr\/en\/news\/orban-in-turkey-europe-in-need-of-allies-who-can-expand-lines-of-defence\/\" \/>\n<meta property=\"og:locale\" content=\"en_US\" \/>\n<meta property=\"og:type\" content=\"article\" \/>\n<meta property=\"og:title\" content=\"Orb\u00e1n in Turkey: Europe in Need of Allies Who Can Expand Lines of Defence - HEPA Office T\u00fcrkiye\" \/>\n<meta property=\"og:description\" content=\"Europe is in need of allies who can expand the continent\u2019s lines of defence, Prime Minister Viktor Orb\u00e1n said after talks with Turkish President Recep Tayyip Erdogan in Ankara on Thursday.\" \/>\n<meta property=\"og:url\" content=\"https:\/\/www.hepaoffice.com.tr\/en\/news\/orban-in-turkey-europe-in-need-of-allies-who-can-expand-lines-of-defence\/\" \/>\n<meta property=\"og:site_name\" content=\"HEPA Office T\u00fcrkiye\" \/>\n<meta property=\"article:published_time\" content=\"2021-11-29T14:05:21+00:00\" \/>\n<meta property=\"article:modified_time\" content=\"2021-11-29T14:07:19+00:00\" \/>\n<meta property=\"og:image\" content=\"https:\/\/www.hepaoffice.com.tr\/wp-content\/uploads\/2021\/11\/Hepa29Kasim-EN.jpg\" \/>\n\t<meta property=\"og:image:width\" content=\"1400\" \/>\n\t<meta property=\"og:image:height\" content=\"700\" \/>\n\t<meta property=\"og:image:type\" content=\"image\/jpeg\" \/>\n<meta name=\"author\" content=\"Hepa Office\" \/>\n<meta name=\"twitter:card\" content=\"summary_large_image\" \/>\n<meta name=\"twitter:label1\" content=\"Written by\" \/>\n\t<meta name=\"twitter:data1\" content=\"Hepa Office\" \/>\n\t<meta name=\"twitter:label2\" content=\"Est. reading time\" \/>\n\t<meta name=\"twitter:data2\" content=\"3 minutes\" \/>\n<script type=\"application\/ld+json\" class=\"yoast-schema-graph\">{\"@context\":\"https:\/\/schema.org\",\"@graph\":[{\"@type\":\"Article\",\"@id\":\"https:\/\/www.hepaoffice.com.tr\/en\/news\/orban-in-turkey-europe-in-need-of-allies-who-can-expand-lines-of-defence\/#article\",\"isPartOf\":{\"@id\":\"https:\/\/www.hepaoffice.com.tr\/en\/news\/orban-in-turkey-europe-in-need-of-allies-who-can-expand-lines-of-defence\/\"},\"author\":{\"name\":\"Hepa Office\",\"@id\":\"https:\/\/www.hepaoffice.com.tr\/#\/schema\/person\/ad5db123ba0e3d97acdc726069715643\"},\"headline\":\"Orb\u00e1n in Turkey: Europe in Need of Allies Who Can Expand Lines of Defence\",\"datePublished\":\"2021-11-29T14:05:21+00:00\",\"dateModified\":\"2021-11-29T14:07:19+00:00\",\"mainEntityOfPage\":{\"@id\":\"https:\/\/www.hepaoffice.com.tr\/en\/news\/orban-in-turkey-europe-in-need-of-allies-who-can-expand-lines-of-defence\/\"},\"wordCount\":565,\"image\":{\"@id\":\"https:\/\/www.hepaoffice.com.tr\/en\/news\/orban-in-turkey-europe-in-need-of-allies-who-can-expand-lines-of-defence\/#primaryimage\"},\"thumbnailUrl\":\"https:\/\/www.hepaoffice.com.tr\/wp-content\/uploads\/2021\/11\/Hepa29Kasim-EN.jpg\",\"articleSection\":[\"News\"],\"inLanguage\":\"en-US\"},{\"@type\":\"WebPage\",\"@id\":\"https:\/\/www.hepaoffice.com.tr\/en\/news\/orban-in-turkey-europe-in-need-of-allies-who-can-expand-lines-of-defence\/\",\"url\":\"https:\/\/www.hepaoffice.com.tr\/en\/news\/orban-in-turkey-europe-in-need-of-allies-who-can-expand-lines-of-defence\/\",\"name\":\"Orb\u00e1n in Turkey: Europe in Need of Allies Who Can Expand Lines of Defence - HEPA Office T\u00fcrkiye\",\"isPartOf\":{\"@id\":\"https:\/\/www.hepaoffice.com.tr\/#website\"},\"primaryImageOfPage\":{\"@id\":\"https:\/\/www.hepaoffice.com.tr\/en\/news\/orban-in-turkey-europe-in-need-of-allies-who-can-expand-lines-of-defence\/#primaryimage\"},\"image\":{\"@id\":\"https:\/\/www.hepaoffice.com.tr\/en\/news\/orban-in-turkey-europe-in-need-of-allies-who-can-expand-lines-of-defence\/#primaryimage\"},\"thumbnailUrl\":\"https:\/\/www.hepaoffice.com.tr\/wp-content\/uploads\/2021\/11\/Hepa29Kasim-EN.jpg\",\"datePublished\":\"2021-11-29T14:05:21+00:00\",\"dateModified\":\"2021-11-29T14:07:19+00:00\",\"author\":{\"@id\":\"https:\/\/www.hepaoffice.com.tr\/#\/schema\/person\/ad5db123ba0e3d97acdc726069715643\"},\"breadcrumb\":{\"@id\":\"https:\/\/www.hepaoffice.com.tr\/en\/news\/orban-in-turkey-europe-in-need-of-allies-who-can-expand-lines-of-defence\/#breadcrumb\"},\"inLanguage\":\"en-US\",\"potentialAction\":[{\"@type\":\"ReadAction\",\"target\":[\"https:\/\/www.hepaoffice.com.tr\/en\/news\/orban-in-turkey-europe-in-need-of-allies-who-can-expand-lines-of-defence\/\"]}]},{\"@type\":\"ImageObject\",\"inLanguage\":\"en-US\",\"@id\":\"https:\/\/www.hepaoffice.com.tr\/en\/news\/orban-in-turkey-europe-in-need-of-allies-who-can-expand-lines-of-defence\/#primaryimage\",\"url\":\"https:\/\/www.hepaoffice.com.tr\/wp-content\/uploads\/2021\/11\/Hepa29Kasim-EN.jpg\",\"contentUrl\":\"https:\/\/www.hepaoffice.com.tr\/wp-content\/uploads\/2021\/11\/Hepa29Kasim-EN.jpg\",\"width\":1400,\"height\":700},{\"@type\":\"BreadcrumbList\",\"@id\":\"https:\/\/www.hepaoffice.com.tr\/en\/news\/orban-in-turkey-europe-in-need-of-allies-who-can-expand-lines-of-defence\/#breadcrumb\",\"itemListElement\":[{\"@type\":\"ListItem\",\"position\":1,\"name\":\"Ana sayfa\",\"item\":\"https:\/\/www.hepaoffice.com.tr\/en\/\"},{\"@type\":\"ListItem\",\"position\":2,\"name\":\"Orb\u00e1n in Turkey: Europe in Need of Allies Who Can Expand Lines of Defence\"}]},{\"@type\":\"WebSite\",\"@id\":\"https:\/\/www.hepaoffice.com.tr\/#website\",\"url\":\"https:\/\/www.hepaoffice.com.tr\/\",\"name\":\"HEPA Office T\u00fcrkiye\",\"description\":\"Macaristan \u0130hracat\u0131 Te\u015fvik Ajans\u0131\",\"potentialAction\":[{\"@type\":\"SearchAction\",\"target\":{\"@type\":\"EntryPoint\",\"urlTemplate\":\"https:\/\/www.hepaoffice.com.tr\/?s={search_term_string}\"},\"query-input\":{\"@type\":\"PropertyValueSpecification\",\"valueRequired\":true,\"valueName\":\"search_term_string\"}}],\"inLanguage\":\"en-US\"},{\"@type\":\"Person\",\"@id\":\"https:\/\/www.hepaoffice.com.tr\/#\/schema\/person\/ad5db123ba0e3d97acdc726069715643\",\"name\":\"Hepa Office\",\"image\":{\"@type\":\"ImageObject\",\"inLanguage\":\"en-US\",\"@id\":\"https:\/\/www.hepaoffice.com.tr\/#\/schema\/person\/image\/\",\"url\":\"https:\/\/secure.gravatar.com\/avatar\/c2bd7d6f35caf8ab602064b4f27c928b301506146e52c7d0d028257a2bb575ab?s=96&d=mm&r=g\",\"contentUrl\":\"https:\/\/secure.gravatar.com\/avatar\/c2bd7d6f35caf8ab602064b4f27c928b301506146e52c7d0d028257a2bb575ab?s=96&d=mm&r=g\",\"caption\":\"Hepa Office\"}}]}<\/script>\n<!-- \/ Yoast SEO plugin. -->","yoast_head_json":{"title":"Orb\u00e1n in Turkey: Europe in Need of Allies Who Can Expand Lines of Defence - HEPA Office T\u00fcrkiye","robots":{"index":"index","follow":"follow","max-snippet":"max-snippet:-1","max-image-preview":"max-image-preview:large","max-video-preview":"max-video-preview:-1"},"canonical":"https:\/\/www.hepaoffice.com.tr\/en\/news\/orban-in-turkey-europe-in-need-of-allies-who-can-expand-lines-of-defence\/","og_locale":"en_US","og_type":"article","og_title":"Orb\u00e1n in Turkey: Europe in Need of Allies Who Can Expand Lines of Defence - HEPA Office T\u00fcrkiye","og_description":"Europe is in need of allies who can expand the continent\u2019s lines of defence, Prime Minister Viktor Orb\u00e1n said after talks with Turkish President Recep Tayyip Erdogan in Ankara on Thursday.","og_url":"https:\/\/www.hepaoffice.com.tr\/en\/news\/orban-in-turkey-europe-in-need-of-allies-who-can-expand-lines-of-defence\/","og_site_name":"HEPA Office T\u00fcrkiye","article_published_time":"2021-11-29T14:05:21+00:00","article_modified_time":"2021-11-29T14:07:19+00:00","og_image":[{"width":1400,"height":700,"url":"https:\/\/www.hepaoffice.com.tr\/wp-content\/uploads\/2021\/11\/Hepa29Kasim-EN.jpg","type":"image\/jpeg"}],"author":"Hepa Office","twitter_card":"summary_large_image","twitter_misc":{"Written by":"Hepa Office","Est. reading time":"3 minutes"},"schema":{"@context":"https:\/\/schema.org","@graph":[{"@type":"Article","@id":"https:\/\/www.hepaoffice.com.tr\/en\/news\/orban-in-turkey-europe-in-need-of-allies-who-can-expand-lines-of-defence\/#article","isPartOf":{"@id":"https:\/\/www.hepaoffice.com.tr\/en\/news\/orban-in-turkey-europe-in-need-of-allies-who-can-expand-lines-of-defence\/"},"author":{"name":"Hepa Office","@id":"https:\/\/www.hepaoffice.com.tr\/#\/schema\/person\/ad5db123ba0e3d97acdc726069715643"},"headline":"Orb\u00e1n in Turkey: Europe in Need of Allies Who Can Expand Lines of Defence","datePublished":"2021-11-29T14:05:21+00:00","dateModified":"2021-11-29T14:07:19+00:00","mainEntityOfPage":{"@id":"https:\/\/www.hepaoffice.com.tr\/en\/news\/orban-in-turkey-europe-in-need-of-allies-who-can-expand-lines-of-defence\/"},"wordCount":565,"image":{"@id":"https:\/\/www.hepaoffice.com.tr\/en\/news\/orban-in-turkey-europe-in-need-of-allies-who-can-expand-lines-of-defence\/#primaryimage"},"thumbnailUrl":"https:\/\/www.hepaoffice.com.tr\/wp-content\/uploads\/2021\/11\/Hepa29Kasim-EN.jpg","articleSection":["News"],"inLanguage":"en-US"},{"@type":"WebPage","@id":"https:\/\/www.hepaoffice.com.tr\/en\/news\/orban-in-turkey-europe-in-need-of-allies-who-can-expand-lines-of-defence\/","url":"https:\/\/www.hepaoffice.com.tr\/en\/news\/orban-in-turkey-europe-in-need-of-allies-who-can-expand-lines-of-defence\/","name":"Orb\u00e1n in Turkey: Europe in Need of Allies Who Can Expand Lines of Defence - HEPA Office T\u00fcrkiye","isPartOf":{"@id":"https:\/\/www.hepaoffice.com.tr\/#website"},"primaryImageOfPage":{"@id":"https:\/\/www.hepaoffice.com.tr\/en\/news\/orban-in-turkey-europe-in-need-of-allies-who-can-expand-lines-of-defence\/#primaryimage"},"image":{"@id":"https:\/\/www.hepaoffice.com.tr\/en\/news\/orban-in-turkey-europe-in-need-of-allies-who-can-expand-lines-of-defence\/#primaryimage"},"thumbnailUrl":"https:\/\/www.hepaoffice.com.tr\/wp-content\/uploads\/2021\/11\/Hepa29Kasim-EN.jpg","datePublished":"2021-11-29T14:05:21+00:00","dateModified":"2021-11-29T14:07:19+00:00","author":{"@id":"https:\/\/www.hepaoffice.com.tr\/#\/schema\/person\/ad5db123ba0e3d97acdc726069715643"},"breadcrumb":{"@id":"https:\/\/www.hepaoffice.com.tr\/en\/news\/orban-in-turkey-europe-in-need-of-allies-who-can-expand-lines-of-defence\/#breadcrumb"},"inLanguage":"en-US","potentialAction":[{"@type":"ReadAction","target":["https:\/\/www.hepaoffice.com.tr\/en\/news\/orban-in-turkey-europe-in-need-of-allies-who-can-expand-lines-of-defence\/"]}]},{"@type":"ImageObject","inLanguage":"en-US","@id":"https:\/\/www.hepaoffice.com.tr\/en\/news\/orban-in-turkey-europe-in-need-of-allies-who-can-expand-lines-of-defence\/#primaryimage","url":"https:\/\/www.hepaoffice.com.tr\/wp-content\/uploads\/2021\/11\/Hepa29Kasim-EN.jpg","contentUrl":"https:\/\/www.hepaoffice.com.tr\/wp-content\/uploads\/2021\/11\/Hepa29Kasim-EN.jpg","width":1400,"height":700},{"@type":"BreadcrumbList","@id":"https:\/\/www.hepaoffice.com.tr\/en\/news\/orban-in-turkey-europe-in-need-of-allies-who-can-expand-lines-of-defence\/#breadcrumb","itemListElement":[{"@type":"ListItem","position":1,"name":"Ana sayfa","item":"https:\/\/www.hepaoffice.com.tr\/en\/"},{"@type":"ListItem","position":2,"name":"Orb\u00e1n in Turkey: Europe in Need of Allies Who Can Expand Lines of Defence"}]},{"@type":"WebSite","@id":"https:\/\/www.hepaoffice.com.tr\/#website","url":"https:\/\/www.hepaoffice.com.tr\/","name":"HEPA Office T\u00fcrkiye","description":"Macaristan \u0130hracat\u0131 Te\u015fvik Ajans\u0131","potentialAction":[{"@type":"SearchAction","target":{"@type":"EntryPoint","urlTemplate":"https:\/\/www.hepaoffice.com.tr\/?s={search_term_string}"},"query-input":{"@type":"PropertyValueSpecification","valueRequired":true,"valueName":"search_term_string"}}],"inLanguage":"en-US"},{"@type":"Person","@id":"https:\/\/www.hepaoffice.com.tr\/#\/schema\/person\/ad5db123ba0e3d97acdc726069715643","name":"Hepa Office","image":{"@type":"ImageObject","inLanguage":"en-US","@id":"https:\/\/www.hepaoffice.com.tr\/#\/schema\/person\/image\/","url":"https:\/\/secure.gravatar.com\/avatar\/c2bd7d6f35caf8ab602064b4f27c928b301506146e52c7d0d028257a2bb575ab?s=96&d=mm&r=g","contentUrl":"https:\/\/secure.gravatar.com\/avatar\/c2bd7d6f35caf8ab602064b4f27c928b301506146e52c7d0d028257a2bb575ab?s=96&d=mm&r=g","caption":"Hepa Office"}}]}},"_links":{"self":[{"href":"https:\/\/www.hepaoffice.com.tr\/en\/wp-json\/wp\/v2\/posts\/4575","targetHints":{"allow":["GET"]}}],"collection":[{"href":"https:\/\/www.hepaoffice.com.tr\/en\/wp-json\/wp\/v2\/posts"}],"about":[{"href":"https:\/\/www.hepaoffice.com.tr\/en\/wp-json\/wp\/v2\/types\/post"}],"author":[{"embeddable":true,"href":"https:\/\/www.hepaoffice.com.tr\/en\/wp-json\/wp\/v2\/users\/3"}],"replies":[{"embeddable":true,"href":"https:\/\/www.hepaoffice.com.tr\/en\/wp-json\/wp\/v2\/comments?post=4575"}],"version-history":[{"count":0,"href":"https:\/\/www.hepaoffice.com.tr\/en\/wp-json\/wp\/v2\/posts\/4575\/revisions"}],"wp:featuredmedia":[{"embeddable":true,"href":"https:\/\/www.hepaoffice.com.tr\/en\/wp-json\/wp\/v2\/media\/4578"}],"wp:attachment":[{"href":"https:\/\/www.hepaoffice.com.tr\/en\/wp-json\/wp\/v2\/media?parent=4575"}],"wp:term":[{"taxonomy":"category","embeddable":true,"href":"https:\/\/www.hepaoffice.com.tr\/en\/wp-json\/wp\/v2\/categories?post=4575"},{"taxonomy":"post_tag","embeddable":true,"href":"https:\/\/www.hepaoffice.com.tr\/en\/wp-json\/wp\/v2\/tags?post=4575"}],"curies":[{"name":"wp","href":"https:\/\/api.w.org\/{rel}","templated":true}]}}