{"id":3659,"date":"2020-06-03T10:40:23","date_gmt":"2020-06-03T10:40:23","guid":{"rendered":"https:\/\/www.hepaoffice.com.tr\/?p=3659"},"modified":"2020-06-03T11:15:09","modified_gmt":"2020-06-03T11:15:09","slug":"turkish-business-community-supports-hungary-in-the-fight-against-covid-19","status":"publish","type":"post","link":"https:\/\/www.hepaoffice.com.tr\/en\/news\/turkish-business-community-supports-hungary-in-the-fight-against-covid-19\/","title":{"rendered":"Turkish business community supports Hungary in the fight against COVID-19"},"content":{"rendered":"<div class=\"wpb-content-wrapper\"><p>[vc_row][vc_column][vc_custom_heading text=&#8221;Turkish business community supports Hungary in the fight against COVID-19 &#8221; font_container=&#8221;tag:h3|text_align:left&#8221; use_theme_fonts=&#8221;yes&#8221;][vc_empty_space height=&#8221;22px&#8221;][vc_column_text]<strong>Foreign Economic Relations Board (DEIK)\u2019s Turkey-Hungary Business Council sent an aid convoy to Hungary as a sign of the friendship between the two countries. With the financial contribution of the dominant Turkish companies, three-truck aid convoy was launched with medical equipment consisting of face shields, medical hand sanitizers and special high-alcohol scented hand sanitizers manufactured in Turkey.<\/strong>[\/vc_column_text][vc_column_text]The latest example of a centuries-old friendship between Turkey and Hungary has been demonstrated in the fight against the COVID-19 epidemic. The members of the DEIK\u2019s Turkey-Hungary Business Council, as an expression of goodwill and friendship, decided to provide medical supplies to Hungary, with which we have strong historical and commercial relations, to help in its efforts to combat COVID-19 pandemic. 50,000 face shields, 16,000 hand sanitizers and 20,000 special high-alcohol scented hand sanitizers were supplied from companies operating in Turkey with the financial contributions of prominent business world and the companies that are members of the Turkey-Hungary Business Council.[\/vc_column_text][vc_column_text]<strong>Adnan Polat, President of the DEIK\u2019s Turkey-Hungary Business Council<\/strong> said the Turkish-Hungarian friendship has become even closer in recent years. Mr. Polat said, \u201cThe assistance we provide to each other during this difficult period will further strengthen the friendship between the two countries and help to expand unity and cooperation in even more areas in the post-epidemic period.\u201d[\/vc_column_text][vc_column_text]Mr. Polat stressed that, \u201cFriendly relations between Hungary and Turkey, bond from history and cultural proximity, developing economic and trade relations, as well as Hungary&#8217;s support for our international initiatives are progressing positively. Since 2013, the two countries have signed several economic and political partnership agreements within the strategic cooperation agreement. Our mutual trade continues to increase every year compared to 6 years ago. As a business community, our primary goal is to double the trade volume in a short time, which was realized as USD 2.8 billion in 2019; to increase the country&#8217;s goal to USD 6 billion. While we continue to work for this, we do our best to ensure that bilateral relations are developed not only in the commercial sphere but also in other areas through social and cultural initiatives\u201d said Mr. Polat.[\/vc_column_text][vc_column_text]<strong>Suat Karakus, Vice President of the DEIK\u2019s Turkey-Hungary Business Council informed that<\/strong> the medical aid convoy consisting of three trucks provided by the DEIK\u2019s Turkey-Hungary Business Council, had left Istanbul by road. Mr. Karakus highlighted that the member companies of the DEIK\u2019s Turkey-Hungary Business Council strive to establish dialogue and business relations with Hungarian companies, as a result of which the Turkish-Hungarian foreign trade volume reached USD 3 billion. On Tuesday, Suat Karakus handed over the aid of Turkish businessmen to Parliamentary State Secretary Levente Magyar from the Ministry of Foreign Affairs and Trade.[\/vc_column_text][vc_column_text]<strong>H.E. Mr. Ahmet Akif Oktay, Ambassador of the Republic of Turkey to Hungary highlighted that<\/strong>: I am pleased that Hungary and Turkey have successfully overcome the challenges of the health emergency caused by a virus outbreak that has swept our world in an unprecedented way. Once again, it has been proven that global problems can only be overcome through global cooperation. The convoy, organised by the Turkey-Hungary Business Council, is the best tangible example of the unity of the two nations. Turkey and Hungary have successfully fulfilled this exemplary solidarity which they have demonstrated at the level of bilateral relations.[\/vc_column_text][vc_column_text]<strong>Parliamentary State Secretary Mr. Levente Magyar from the Ministry of Foreign Affairs and Trade stressed that<\/strong>:<strong>\u00a0 <\/strong>For months, Hungary has been struggling with the challenges of the pandemic with unprecedented national and international unity. Today, we can undoubtedly say that the first great battles of the fight have been fought successfully, and now it is time for recovery. But in addition to the resumption of economic life, we must not forget about preparing, stockpiling medical supplies in the event of a possible second wave of infections. On behalf of the Hungarian people, I would like to thank the selfless offer of the Turkish businessmen.[\/vc_column_text][vc_column_text]<strong>About the Foreign Economic Relations Board (DEIK)\u2019s Turkey-Hungary Business Council <\/strong><\/p>\n<ul>\n<li><em>Year of Establishment: 1991<\/em><\/li>\n<li><em>Chairman representing Turkey: Adnan Polat<\/em><\/li>\n<li><em>Company and Title: Polat Holding A.\u015e., chairman of the board<\/em><\/li>\n<li><em>Counterpart Organisation: Hungarian Chamber of Commerce and Industry (MKIK)<\/em><\/li>\n<\/ul>\n<p><em>In 1991, at the time of Hungary&#8217;s international opening, DEIK and the Hungarian Chamber of Commerce and Industry (MKIK) signed an agreement on the establishment of the DEIK\u2019s Turkey-Hungary Business Council. DEIK\u2019s Turkey-Hungary Business Council which operates under the roof of the European Union pursues the purpose of advancing the economic and trade ties between the two countries and strengthening the cooperation between their respective business communities. The Council encourages contacts and the exchange of views between the two sides and provides valuable information. The trade volume target between Turkey and Hungary, which is already realized as USD 3 billion, was set at USD 6 billion by President of the Republic of Turkey Mr. Recep Tayyip Erdo\u011fan and Prime Minister of Hungary Mr. Viktor Orb\u00e1n. The activities of the Turkish-Hungarian Business Council also focused on efforts to achieve the trade volume target.<\/em>[\/vc_column_text]<style type=\"text\/css\" data-type=\"the7_shortcodes-inline-css\">.gallery-shortcode.gallery-masonry-shortcode-id-347e8ded0b60f410ce751a59e03ba0e5 figure,\n.gallery-shortcode.gallery-masonry-shortcode-id-347e8ded0b60f410ce751a59e03ba0e5 .rollover,\n.gallery-shortcode.gallery-masonry-shortcode-id-347e8ded0b60f410ce751a59e03ba0e5 img,\n.gallery-shortcode.gallery-masonry-shortcode-id-347e8ded0b60f410ce751a59e03ba0e5 .gallery-rollover {\n  border-radius: 0px;\n}\n.gallery-shortcode.gallery-masonry-shortcode-id-347e8ded0b60f410ce751a59e03ba0e5.enable-bg-rollover .gallery-rollover {\n  background: -webkit-linear-gradient();\n  background: linear-gradient();\n}\n.gallery-shortcode.gallery-masonry-shortcode-id-347e8ded0b60f410ce751a59e03ba0e5.enable-bg-rollover.hover-scale figure .rollover:after {\n  background: -webkit-linear-gradient();\n  background: linear-gradient();\n}\n.gallery-shortcode.gallery-masonry-shortcode-id-347e8ded0b60f410ce751a59e03ba0e5 .gallery-zoom-ico {\n  width: 44px;\n  height: 44px;\n  line-height: 44px;\n  border-radius: 100px;\n  margin: -22px 0 0 -22px;\n  border-width: 0px;\n  color: #ffffff;\n}\n.dt-icon-bg-on.gallery-shortcode.gallery-masonry-shortcode-id-347e8ded0b60f410ce751a59e03ba0e5 .gallery-zoom-ico {\n  background: rgba(255,255,255,0.3);\n  box-shadow: none;\n}\n.gallery-shortcode.gallery-masonry-shortcode-id-347e8ded0b60f410ce751a59e03ba0e5 .gallery-zoom-ico:before,\n.gallery-shortcode.gallery-masonry-shortcode-id-347e8ded0b60f410ce751a59e03ba0e5 .gallery-zoom-ico span {\n  font-size: 32px;\n  line-height: 44px;\n  color: #ffffff;\n}\n.gallery-shortcode.gallery-masonry-shortcode-id-347e8ded0b60f410ce751a59e03ba0e5:not(.resize-by-browser-width) .dt-css-grid {\n  grid-row-gap: 10px;\n  grid-column-gap: 10px;\n  grid-template-columns: repeat(auto-fill,minmax(,1fr));\n}\n.gallery-shortcode.gallery-masonry-shortcode-id-347e8ded0b60f410ce751a59e03ba0e5:not(.resize-by-browser-width) .dt-css-grid .double-width {\n  grid-column: span 2;\n}\n.cssgridlegacy.no-cssgrid .gallery-shortcode.gallery-masonry-shortcode-id-347e8ded0b60f410ce751a59e03ba0e5:not(.resize-by-browser-width) .dt-css-grid,\n.no-cssgridlegacy.no-cssgrid .gallery-shortcode.gallery-masonry-shortcode-id-347e8ded0b60f410ce751a59e03ba0e5:not(.resize-by-browser-width) .dt-css-grid {\n  display: flex;\n  flex-flow: row wrap;\n  margin: -5px;\n}\n.cssgridlegacy.no-cssgrid .gallery-shortcode.gallery-masonry-shortcode-id-347e8ded0b60f410ce751a59e03ba0e5:not(.resize-by-browser-width) .dt-css-grid .wf-cell,\n.no-cssgridlegacy.no-cssgrid .gallery-shortcode.gallery-masonry-shortcode-id-347e8ded0b60f410ce751a59e03ba0e5:not(.resize-by-browser-width) .dt-css-grid .wf-cell {\n  flex: 1 0 ;\n  max-width: 100%;\n  padding: 5px;\n  box-sizing: border-box;\n}\n.gallery-shortcode.gallery-masonry-shortcode-id-347e8ded0b60f410ce751a59e03ba0e5.resize-by-browser-width .dt-css-grid {\n  grid-template-columns: repeat(6,1fr);\n  grid-template-rows: auto;\n  grid-column-gap: 10px;\n  grid-row-gap: 10px;\n}\n.gallery-shortcode.gallery-masonry-shortcode-id-347e8ded0b60f410ce751a59e03ba0e5.resize-by-browser-width .dt-css-grid .double-width {\n  grid-column: span 2;\n}\n.cssgridlegacy.no-cssgrid .gallery-shortcode.gallery-masonry-shortcode-id-347e8ded0b60f410ce751a59e03ba0e5.resize-by-browser-width .dt-css-grid {\n  margin: -5px;\n}\n.cssgridlegacy.no-cssgrid .gallery-shortcode.gallery-masonry-shortcode-id-347e8ded0b60f410ce751a59e03ba0e5.resize-by-browser-width .dt-css-grid .wf-cell {\n  width: 16.666666666667%;\n  padding: 5px;\n}\n.cssgridlegacy.no-cssgrid .gallery-shortcode.gallery-masonry-shortcode-id-347e8ded0b60f410ce751a59e03ba0e5.resize-by-browser-width .dt-css-grid .wf-cell.double-width {\n  width: calc(16.666666666667%) * 2;\n}\n.gallery-shortcode.gallery-masonry-shortcode-id-347e8ded0b60f410ce751a59e03ba0e5.resize-by-browser-width:not(.centered-layout-list):not(.content-bg-on) .dt-css-grid {\n  grid-row-gap: 10px - ;\n}\n@media screen and (max-width: 1199px) {\n  .gallery-shortcode.gallery-masonry-shortcode-id-347e8ded0b60f410ce751a59e03ba0e5.resize-by-browser-width .dt-css-grid {\n    grid-template-columns: repeat(4,1fr);\n  }\n  .cssgridlegacy.no-cssgrid .gallery-shortcode.gallery-masonry-shortcode-id-347e8ded0b60f410ce751a59e03ba0e5.resize-by-browser-width .dt-css-grid .wf-cell,\n  .no-cssgridlegacy.no-cssgrid .gallery-shortcode.gallery-masonry-shortcode-id-347e8ded0b60f410ce751a59e03ba0e5.resize-by-browser-width .dt-css-grid .wf-cell {\n    width: 25%;\n  }\n  .cssgridlegacy.no-cssgrid .gallery-shortcode.gallery-masonry-shortcode-id-347e8ded0b60f410ce751a59e03ba0e5.resize-by-browser-width .dt-css-grid .wf-cell.double-width,\n  .no-cssgridlegacy.no-cssgrid .gallery-shortcode.gallery-masonry-shortcode-id-347e8ded0b60f410ce751a59e03ba0e5.resize-by-browser-width .dt-css-grid .wf-cell.double-width {\n    width: calc(25%)*2;\n  }\n}\n@media screen and (max-width: 991px) {\n  .gallery-shortcode.gallery-masonry-shortcode-id-347e8ded0b60f410ce751a59e03ba0e5.resize-by-browser-width .dt-css-grid {\n    grid-template-columns: repeat(3,1fr);\n  }\n  .cssgridlegacy.no-cssgrid .gallery-shortcode.gallery-masonry-shortcode-id-347e8ded0b60f410ce751a59e03ba0e5.resize-by-browser-width .dt-css-grid .wf-cell,\n  .no-cssgridlegacy.no-cssgrid .gallery-shortcode.gallery-masonry-shortcode-id-347e8ded0b60f410ce751a59e03ba0e5.resize-by-browser-width .dt-css-grid .wf-cell {\n    width: 33.333333333333%;\n  }\n  .cssgridlegacy.no-cssgrid .gallery-shortcode.gallery-masonry-shortcode-id-347e8ded0b60f410ce751a59e03ba0e5.resize-by-browser-width .dt-css-grid .wf-cell.double-width,\n  .no-cssgridlegacy.no-cssgrid .gallery-shortcode.gallery-masonry-shortcode-id-347e8ded0b60f410ce751a59e03ba0e5.resize-by-browser-width .dt-css-grid .wf-cell.double-width {\n    width: calc(33.333333333333%)*2;\n  }\n}\n@media screen and (max-width: 767px) {\n  .gallery-shortcode.gallery-masonry-shortcode-id-347e8ded0b60f410ce751a59e03ba0e5.resize-by-browser-width .dt-css-grid {\n    grid-template-columns: repeat(2,1fr);\n  }\n  .cssgridlegacy.no-cssgrid .gallery-shortcode.gallery-masonry-shortcode-id-347e8ded0b60f410ce751a59e03ba0e5.resize-by-browser-width .dt-css-grid .wf-cell,\n  .no-cssgridlegacy.no-cssgrid .gallery-shortcode.gallery-masonry-shortcode-id-347e8ded0b60f410ce751a59e03ba0e5.resize-by-browser-width .dt-css-grid .wf-cell {\n    width: 50%;\n  }\n  .cssgridlegacy.no-cssgrid .gallery-shortcode.gallery-masonry-shortcode-id-347e8ded0b60f410ce751a59e03ba0e5.resize-by-browser-width .dt-css-grid .wf-cell.double-width,\n  .no-cssgridlegacy.no-cssgrid .gallery-shortcode.gallery-masonry-shortcode-id-347e8ded0b60f410ce751a59e03ba0e5.resize-by-browser-width .dt-css-grid .wf-cell.double-width {\n    width: calc(50%)*2;\n  }\n}<\/style><div class=\"gallery-shortcode dt-gallery-container gallery-masonry-shortcode-id-347e8ded0b60f410ce751a59e03ba0e5 mode-grid jquery-filter dt-icon-bg-off dt-css-grid-wrap enable-bg-rollover resize-by-browser-width  hover-fade loading-effect-none description-on-hover\" data-padding=\"5px\" data-cur-page=\"1\" data-post-limit=\"-1\" data-pagination-mode=\"none\" data-desktop-columns-num=\"6\" data-v-tablet-columns-num=\"3\" data-h-tablet-columns-num=\"4\" data-phone-columns-num=\"2\" data-width=\"0px\" data-columns=\"0\"><div class=\"dt-css-grid\" ><div class=\"wf-cell\" data-post-id=\"3652\" data-date=\"2020-06-03T10:20:47+03:00\" data-name=\"I\u0307s\u0327 du\u0308nyas\u0131 kardes\u0327 u\u0308lke Macaristan\u2019\u0131n Kovid-19 mu\u0308cadelesine destek verdi 12\"><figure class=\"post visible\"><a href=\"https:\/\/www.hepaoffice.com.tr\/wp-content\/uploads\/2020\/06\/I\u0307s\u0327-du\u0308nyas\u0131-kardes\u0327-u\u0308lke-Macaristan\u2019\u0131n-Kovid-19-mu\u0308cadelesine-destek-verdi-12.jpg\" class=\"rollover dt-pswp-item layzr-bg\" data-large_image_width=\"1200\" data-large_image_height=\"800\" data-dt-img-description=\"\" title=\"I\u0307s\u0327 du\u0308nyas\u0131 kardes\u0327 u\u0308lke Macaristan\u2019\u0131n Kovid-19 mu\u0308cadelesine destek verdi 12\"><img fetchpriority=\"high\" decoding=\"async\" class=\"preload-me iso-lazy-load aspect\" src=\"data:image\/svg+xml,%3Csvg%20xmlns%3D&#39;http%3A%2F%2Fwww.w3.org%2F2000%2Fsvg&#39;%20viewBox%3D&#39;0%200%20379%20253&#39;%2F%3E\" data-src=\"https:\/\/www.hepaoffice.com.tr\/wp-content\/uploads\/2020\/06\/I\u0307s\u0327-du\u0308nyas\u0131-kardes\u0327-u\u0308lke-Macaristan\u2019\u0131n-Kovid-19-mu\u0308cadelesine-destek-verdi-12-379x253.jpg\" data-srcset=\"https:\/\/www.hepaoffice.com.tr\/wp-content\/uploads\/2020\/06\/I\u0307s\u0327-du\u0308nyas\u0131-kardes\u0327-u\u0308lke-Macaristan\u2019\u0131n-Kovid-19-mu\u0308cadelesine-destek-verdi-12-379x253.jpg 379w, https:\/\/www.hepaoffice.com.tr\/wp-content\/uploads\/2020\/06\/I\u0307s\u0327-du\u0308nyas\u0131-kardes\u0327-u\u0308lke-Macaristan\u2019\u0131n-Kovid-19-mu\u0308cadelesine-destek-verdi-12-569x380.jpg 569w\" loading=\"eager\" style=\"--ratio: 379 \/ 253\" sizes=\"(max-width: 379px) 100vw, 379px\" alt=\"\" width=\"379\" height=\"253\"  \/><span class=\"gallery-rollover\"><\/span><\/a><\/figure><\/div><div class=\"wf-cell\" data-post-id=\"3649\" data-date=\"2020-06-03T10:20:44+03:00\" data-name=\"I\u0307s\u0327 du\u0308nyas\u0131 kardes\u0327 u\u0308lke Macaristan\u2019\u0131n Kovid-19 mu\u0308cadelesine destek verdi 11\"><figure class=\"post visible\"><a href=\"https:\/\/www.hepaoffice.com.tr\/wp-content\/uploads\/2020\/06\/I\u0307s\u0327-du\u0308nyas\u0131-kardes\u0327-u\u0308lke-Macaristan\u2019\u0131n-Kovid-19-mu\u0308cadelesine-destek-verdi-11.jpg\" class=\"rollover dt-pswp-item layzr-bg\" data-large_image_width=\"1200\" data-large_image_height=\"800\" data-dt-img-description=\"\" title=\"I\u0307s\u0327 du\u0308nyas\u0131 kardes\u0327 u\u0308lke Macaristan\u2019\u0131n Kovid-19 mu\u0308cadelesine destek verdi 11\"><img decoding=\"async\" class=\"preload-me iso-lazy-load aspect\" src=\"data:image\/svg+xml,%3Csvg%20xmlns%3D&#39;http%3A%2F%2Fwww.w3.org%2F2000%2Fsvg&#39;%20viewBox%3D&#39;0%200%20379%20253&#39;%2F%3E\" data-src=\"https:\/\/www.hepaoffice.com.tr\/wp-content\/uploads\/2020\/06\/I\u0307s\u0327-du\u0308nyas\u0131-kardes\u0327-u\u0308lke-Macaristan\u2019\u0131n-Kovid-19-mu\u0308cadelesine-destek-verdi-11-379x253.jpg\" data-srcset=\"https:\/\/www.hepaoffice.com.tr\/wp-content\/uploads\/2020\/06\/I\u0307s\u0327-du\u0308nyas\u0131-kardes\u0327-u\u0308lke-Macaristan\u2019\u0131n-Kovid-19-mu\u0308cadelesine-destek-verdi-11-379x253.jpg 379w, https:\/\/www.hepaoffice.com.tr\/wp-content\/uploads\/2020\/06\/I\u0307s\u0327-du\u0308nyas\u0131-kardes\u0327-u\u0308lke-Macaristan\u2019\u0131n-Kovid-19-mu\u0308cadelesine-destek-verdi-11-569x380.jpg 569w\" loading=\"eager\" style=\"--ratio: 379 \/ 253\" sizes=\"(max-width: 379px) 100vw, 379px\" alt=\"\" width=\"379\" height=\"253\"  \/><span class=\"gallery-rollover\"><\/span><\/a><\/figure><\/div><div class=\"wf-cell\" data-post-id=\"3646\" data-date=\"2020-06-03T10:20:42+03:00\" data-name=\"I\u0307s\u0327 du\u0308nyas\u0131 kardes\u0327 u\u0308lke Macaristan\u2019\u0131n Kovid-19 mu\u0308cadelesine destek verdi 10\"><figure class=\"post visible\"><a href=\"https:\/\/www.hepaoffice.com.tr\/wp-content\/uploads\/2020\/06\/I\u0307s\u0327-du\u0308nyas\u0131-kardes\u0327-u\u0308lke-Macaristan\u2019\u0131n-Kovid-19-mu\u0308cadelesine-destek-verdi-10.jpg\" class=\"rollover dt-pswp-item layzr-bg\" data-large_image_width=\"1200\" data-large_image_height=\"800\" data-dt-img-description=\"\" title=\"I\u0307s\u0327 du\u0308nyas\u0131 kardes\u0327 u\u0308lke Macaristan\u2019\u0131n Kovid-19 mu\u0308cadelesine destek verdi 10\"><img decoding=\"async\" class=\"preload-me iso-lazy-load aspect\" src=\"data:image\/svg+xml,%3Csvg%20xmlns%3D&#39;http%3A%2F%2Fwww.w3.org%2F2000%2Fsvg&#39;%20viewBox%3D&#39;0%200%20379%20253&#39;%2F%3E\" data-src=\"https:\/\/www.hepaoffice.com.tr\/wp-content\/uploads\/2020\/06\/I\u0307s\u0327-du\u0308nyas\u0131-kardes\u0327-u\u0308lke-Macaristan\u2019\u0131n-Kovid-19-mu\u0308cadelesine-destek-verdi-10-379x253.jpg\" data-srcset=\"https:\/\/www.hepaoffice.com.tr\/wp-content\/uploads\/2020\/06\/I\u0307s\u0327-du\u0308nyas\u0131-kardes\u0327-u\u0308lke-Macaristan\u2019\u0131n-Kovid-19-mu\u0308cadelesine-destek-verdi-10-379x253.jpg 379w, https:\/\/www.hepaoffice.com.tr\/wp-content\/uploads\/2020\/06\/I\u0307s\u0327-du\u0308nyas\u0131-kardes\u0327-u\u0308lke-Macaristan\u2019\u0131n-Kovid-19-mu\u0308cadelesine-destek-verdi-10-569x380.jpg 569w\" loading=\"eager\" style=\"--ratio: 379 \/ 253\" sizes=\"(max-width: 379px) 100vw, 379px\" alt=\"\" width=\"379\" height=\"253\"  \/><span class=\"gallery-rollover\"><\/span><\/a><\/figure><\/div><div class=\"wf-cell\" data-post-id=\"3643\" data-date=\"2020-06-03T10:20:38+03:00\" data-name=\"I\u0307s\u0327 du\u0308nyas\u0131 kardes\u0327 u\u0308lke Macaristan\u2019\u0131n Kovid-19 mu\u0308cadelesine destek verdi 9\"><figure class=\"post visible\"><a href=\"https:\/\/www.hepaoffice.com.tr\/wp-content\/uploads\/2020\/06\/I\u0307s\u0327-du\u0308nyas\u0131-kardes\u0327-u\u0308lke-Macaristan\u2019\u0131n-Kovid-19-mu\u0308cadelesine-destek-verdi-9.jpg\" class=\"rollover dt-pswp-item layzr-bg\" data-large_image_width=\"1200\" data-large_image_height=\"800\" data-dt-img-description=\"\" title=\"I\u0307s\u0327 du\u0308nyas\u0131 kardes\u0327 u\u0308lke Macaristan\u2019\u0131n Kovid-19 mu\u0308cadelesine destek verdi 9\"><img decoding=\"async\" class=\"preload-me iso-lazy-load aspect\" src=\"data:image\/svg+xml,%3Csvg%20xmlns%3D&#39;http%3A%2F%2Fwww.w3.org%2F2000%2Fsvg&#39;%20viewBox%3D&#39;0%200%20379%20253&#39;%2F%3E\" data-src=\"https:\/\/www.hepaoffice.com.tr\/wp-content\/uploads\/2020\/06\/I\u0307s\u0327-du\u0308nyas\u0131-kardes\u0327-u\u0308lke-Macaristan\u2019\u0131n-Kovid-19-mu\u0308cadelesine-destek-verdi-9-379x253.jpg\" data-srcset=\"https:\/\/www.hepaoffice.com.tr\/wp-content\/uploads\/2020\/06\/I\u0307s\u0327-du\u0308nyas\u0131-kardes\u0327-u\u0308lke-Macaristan\u2019\u0131n-Kovid-19-mu\u0308cadelesine-destek-verdi-9-379x253.jpg 379w, https:\/\/www.hepaoffice.com.tr\/wp-content\/uploads\/2020\/06\/I\u0307s\u0327-du\u0308nyas\u0131-kardes\u0327-u\u0308lke-Macaristan\u2019\u0131n-Kovid-19-mu\u0308cadelesine-destek-verdi-9-569x380.jpg 569w\" loading=\"eager\" style=\"--ratio: 379 \/ 253\" sizes=\"(max-width: 379px) 100vw, 379px\" alt=\"\" width=\"379\" height=\"253\"  \/><span class=\"gallery-rollover\"><\/span><\/a><\/figure><\/div><div class=\"wf-cell\" data-post-id=\"3640\" data-date=\"2020-06-03T10:20:36+03:00\" data-name=\"I\u0307s\u0327 du\u0308nyas\u0131 kardes\u0327 u\u0308lke Macaristan\u2019\u0131n Kovid-19 mu\u0308cadelesine destek verdi 8\"><figure class=\"post visible\"><a href=\"https:\/\/www.hepaoffice.com.tr\/wp-content\/uploads\/2020\/06\/I\u0307s\u0327-du\u0308nyas\u0131-kardes\u0327-u\u0308lke-Macaristan\u2019\u0131n-Kovid-19-mu\u0308cadelesine-destek-verdi-8.jpg\" class=\"rollover dt-pswp-item layzr-bg\" data-large_image_width=\"1200\" data-large_image_height=\"800\" data-dt-img-description=\"\" title=\"I\u0307s\u0327 du\u0308nyas\u0131 kardes\u0327 u\u0308lke Macaristan\u2019\u0131n Kovid-19 mu\u0308cadelesine destek verdi 8\"><img decoding=\"async\" class=\"preload-me iso-lazy-load aspect\" src=\"data:image\/svg+xml,%3Csvg%20xmlns%3D&#39;http%3A%2F%2Fwww.w3.org%2F2000%2Fsvg&#39;%20viewBox%3D&#39;0%200%20379%20253&#39;%2F%3E\" data-src=\"https:\/\/www.hepaoffice.com.tr\/wp-content\/uploads\/2020\/06\/I\u0307s\u0327-du\u0308nyas\u0131-kardes\u0327-u\u0308lke-Macaristan\u2019\u0131n-Kovid-19-mu\u0308cadelesine-destek-verdi-8-379x253.jpg\" data-srcset=\"https:\/\/www.hepaoffice.com.tr\/wp-content\/uploads\/2020\/06\/I\u0307s\u0327-du\u0308nyas\u0131-kardes\u0327-u\u0308lke-Macaristan\u2019\u0131n-Kovid-19-mu\u0308cadelesine-destek-verdi-8-379x253.jpg 379w, https:\/\/www.hepaoffice.com.tr\/wp-content\/uploads\/2020\/06\/I\u0307s\u0327-du\u0308nyas\u0131-kardes\u0327-u\u0308lke-Macaristan\u2019\u0131n-Kovid-19-mu\u0308cadelesine-destek-verdi-8-569x380.jpg 569w\" loading=\"eager\" style=\"--ratio: 379 \/ 253\" sizes=\"(max-width: 379px) 100vw, 379px\" alt=\"\" width=\"379\" height=\"253\"  \/><span class=\"gallery-rollover\"><\/span><\/a><\/figure><\/div><div class=\"wf-cell\" data-post-id=\"3637\" data-date=\"2020-06-03T10:20:32+03:00\" data-name=\"I\u0307s\u0327 du\u0308nyas\u0131 kardes\u0327 u\u0308lke Macaristan\u2019\u0131n Kovid-19 mu\u0308cadelesine destek verdi 7\"><figure class=\"post visible\"><a href=\"https:\/\/www.hepaoffice.com.tr\/wp-content\/uploads\/2020\/06\/I\u0307s\u0327-du\u0308nyas\u0131-kardes\u0327-u\u0308lke-Macaristan\u2019\u0131n-Kovid-19-mu\u0308cadelesine-destek-verdi-7.jpg\" class=\"rollover dt-pswp-item layzr-bg\" data-large_image_width=\"1200\" data-large_image_height=\"800\" data-dt-img-description=\"\" title=\"I\u0307s\u0327 du\u0308nyas\u0131 kardes\u0327 u\u0308lke Macaristan\u2019\u0131n Kovid-19 mu\u0308cadelesine destek verdi 7\"><img decoding=\"async\" class=\"preload-me iso-lazy-load aspect\" src=\"data:image\/svg+xml,%3Csvg%20xmlns%3D&#39;http%3A%2F%2Fwww.w3.org%2F2000%2Fsvg&#39;%20viewBox%3D&#39;0%200%20379%20253&#39;%2F%3E\" data-src=\"https:\/\/www.hepaoffice.com.tr\/wp-content\/uploads\/2020\/06\/I\u0307s\u0327-du\u0308nyas\u0131-kardes\u0327-u\u0308lke-Macaristan\u2019\u0131n-Kovid-19-mu\u0308cadelesine-destek-verdi-7-379x253.jpg\" data-srcset=\"https:\/\/www.hepaoffice.com.tr\/wp-content\/uploads\/2020\/06\/I\u0307s\u0327-du\u0308nyas\u0131-kardes\u0327-u\u0308lke-Macaristan\u2019\u0131n-Kovid-19-mu\u0308cadelesine-destek-verdi-7-379x253.jpg 379w, https:\/\/www.hepaoffice.com.tr\/wp-content\/uploads\/2020\/06\/I\u0307s\u0327-du\u0308nyas\u0131-kardes\u0327-u\u0308lke-Macaristan\u2019\u0131n-Kovid-19-mu\u0308cadelesine-destek-verdi-7-569x380.jpg 569w\" loading=\"eager\" style=\"--ratio: 379 \/ 253\" sizes=\"(max-width: 379px) 100vw, 379px\" alt=\"\" width=\"379\" height=\"253\"  \/><span class=\"gallery-rollover\"><\/span><\/a><\/figure><\/div><div class=\"wf-cell\" data-post-id=\"3634\" data-date=\"2020-06-03T10:20:29+03:00\" data-name=\"I\u0307s\u0327 du\u0308nyas\u0131 kardes\u0327 u\u0308lke Macaristan\u2019\u0131n Kovid-19 mu\u0308cadelesine destek verdi 6\"><figure class=\"post visible\"><a href=\"https:\/\/www.hepaoffice.com.tr\/wp-content\/uploads\/2020\/06\/I\u0307s\u0327-du\u0308nyas\u0131-kardes\u0327-u\u0308lke-Macaristan\u2019\u0131n-Kovid-19-mu\u0308cadelesine-destek-verdi-6.jpg\" class=\"rollover dt-pswp-item layzr-bg\" data-large_image_width=\"1200\" data-large_image_height=\"800\" data-dt-img-description=\"\" title=\"I\u0307s\u0327 du\u0308nyas\u0131 kardes\u0327 u\u0308lke Macaristan\u2019\u0131n Kovid-19 mu\u0308cadelesine destek verdi 6\"><img decoding=\"async\" class=\"preload-me iso-lazy-load aspect\" src=\"data:image\/svg+xml,%3Csvg%20xmlns%3D&#39;http%3A%2F%2Fwww.w3.org%2F2000%2Fsvg&#39;%20viewBox%3D&#39;0%200%20379%20253&#39;%2F%3E\" data-src=\"https:\/\/www.hepaoffice.com.tr\/wp-content\/uploads\/2020\/06\/I\u0307s\u0327-du\u0308nyas\u0131-kardes\u0327-u\u0308lke-Macaristan\u2019\u0131n-Kovid-19-mu\u0308cadelesine-destek-verdi-6-379x253.jpg\" data-srcset=\"https:\/\/www.hepaoffice.com.tr\/wp-content\/uploads\/2020\/06\/I\u0307s\u0327-du\u0308nyas\u0131-kardes\u0327-u\u0308lke-Macaristan\u2019\u0131n-Kovid-19-mu\u0308cadelesine-destek-verdi-6-379x253.jpg 379w, https:\/\/www.hepaoffice.com.tr\/wp-content\/uploads\/2020\/06\/I\u0307s\u0327-du\u0308nyas\u0131-kardes\u0327-u\u0308lke-Macaristan\u2019\u0131n-Kovid-19-mu\u0308cadelesine-destek-verdi-6-569x380.jpg 569w\" loading=\"eager\" style=\"--ratio: 379 \/ 253\" sizes=\"(max-width: 379px) 100vw, 379px\" alt=\"\" width=\"379\" height=\"253\"  \/><span class=\"gallery-rollover\"><\/span><\/a><\/figure><\/div><div class=\"wf-cell\" data-post-id=\"3631\" data-date=\"2020-06-03T10:20:27+03:00\" data-name=\"I\u0307s\u0327 du\u0308nyas\u0131 kardes\u0327 u\u0308lke Macaristan\u2019\u0131n Kovid-19 mu\u0308cadelesine destek verdi 5\"><figure class=\"post visible\"><a href=\"https:\/\/www.hepaoffice.com.tr\/wp-content\/uploads\/2020\/06\/I\u0307s\u0327-du\u0308nyas\u0131-kardes\u0327-u\u0308lke-Macaristan\u2019\u0131n-Kovid-19-mu\u0308cadelesine-destek-verdi-5.jpg\" class=\"rollover dt-pswp-item layzr-bg\" data-large_image_width=\"1200\" data-large_image_height=\"800\" data-dt-img-description=\"\" title=\"I\u0307s\u0327 du\u0308nyas\u0131 kardes\u0327 u\u0308lke Macaristan\u2019\u0131n Kovid-19 mu\u0308cadelesine destek verdi 5\"><img decoding=\"async\" class=\"preload-me iso-lazy-load aspect\" src=\"data:image\/svg+xml,%3Csvg%20xmlns%3D&#39;http%3A%2F%2Fwww.w3.org%2F2000%2Fsvg&#39;%20viewBox%3D&#39;0%200%20379%20253&#39;%2F%3E\" data-src=\"https:\/\/www.hepaoffice.com.tr\/wp-content\/uploads\/2020\/06\/I\u0307s\u0327-du\u0308nyas\u0131-kardes\u0327-u\u0308lke-Macaristan\u2019\u0131n-Kovid-19-mu\u0308cadelesine-destek-verdi-5-379x253.jpg\" data-srcset=\"https:\/\/www.hepaoffice.com.tr\/wp-content\/uploads\/2020\/06\/I\u0307s\u0327-du\u0308nyas\u0131-kardes\u0327-u\u0308lke-Macaristan\u2019\u0131n-Kovid-19-mu\u0308cadelesine-destek-verdi-5-379x253.jpg 379w, https:\/\/www.hepaoffice.com.tr\/wp-content\/uploads\/2020\/06\/I\u0307s\u0327-du\u0308nyas\u0131-kardes\u0327-u\u0308lke-Macaristan\u2019\u0131n-Kovid-19-mu\u0308cadelesine-destek-verdi-5-569x380.jpg 569w\" loading=\"eager\" style=\"--ratio: 379 \/ 253\" sizes=\"(max-width: 379px) 100vw, 379px\" alt=\"\" width=\"379\" height=\"253\"  \/><span class=\"gallery-rollover\"><\/span><\/a><\/figure><\/div><div class=\"wf-cell\" data-post-id=\"3628\" data-date=\"2020-06-03T10:20:25+03:00\" data-name=\"I\u0307s\u0327 du\u0308nyas\u0131 kardes\u0327 u\u0308lke Macaristan\u2019\u0131n Kovid-19 mu\u0308cadelesine destek verdi 4\"><figure class=\"post visible\"><a href=\"https:\/\/www.hepaoffice.com.tr\/wp-content\/uploads\/2020\/06\/I\u0307s\u0327-du\u0308nyas\u0131-kardes\u0327-u\u0308lke-Macaristan\u2019\u0131n-Kovid-19-mu\u0308cadelesine-destek-verdi-4.jpg\" class=\"rollover dt-pswp-item layzr-bg\" data-large_image_width=\"1200\" data-large_image_height=\"800\" data-dt-img-description=\"\" title=\"I\u0307s\u0327 du\u0308nyas\u0131 kardes\u0327 u\u0308lke Macaristan\u2019\u0131n Kovid-19 mu\u0308cadelesine destek verdi 4\"><img decoding=\"async\" class=\"preload-me iso-lazy-load aspect\" src=\"data:image\/svg+xml,%3Csvg%20xmlns%3D&#39;http%3A%2F%2Fwww.w3.org%2F2000%2Fsvg&#39;%20viewBox%3D&#39;0%200%20379%20253&#39;%2F%3E\" data-src=\"https:\/\/www.hepaoffice.com.tr\/wp-content\/uploads\/2020\/06\/I\u0307s\u0327-du\u0308nyas\u0131-kardes\u0327-u\u0308lke-Macaristan\u2019\u0131n-Kovid-19-mu\u0308cadelesine-destek-verdi-4-379x253.jpg\" data-srcset=\"https:\/\/www.hepaoffice.com.tr\/wp-content\/uploads\/2020\/06\/I\u0307s\u0327-du\u0308nyas\u0131-kardes\u0327-u\u0308lke-Macaristan\u2019\u0131n-Kovid-19-mu\u0308cadelesine-destek-verdi-4-379x253.jpg 379w, https:\/\/www.hepaoffice.com.tr\/wp-content\/uploads\/2020\/06\/I\u0307s\u0327-du\u0308nyas\u0131-kardes\u0327-u\u0308lke-Macaristan\u2019\u0131n-Kovid-19-mu\u0308cadelesine-destek-verdi-4-569x380.jpg 569w\" loading=\"eager\" style=\"--ratio: 379 \/ 253\" sizes=\"(max-width: 379px) 100vw, 379px\" alt=\"\" width=\"379\" height=\"253\"  \/><span class=\"gallery-rollover\"><\/span><\/a><\/figure><\/div><div class=\"wf-cell\" data-post-id=\"3625\" data-date=\"2020-06-03T10:20:21+03:00\" data-name=\"I\u0307s\u0327 du\u0308nyas\u0131 kardes\u0327 u\u0308lke Macaristan\u2019\u0131n Kovid-19 mu\u0308cadelesine destek verdi 3\"><figure class=\"post visible\"><a href=\"https:\/\/www.hepaoffice.com.tr\/wp-content\/uploads\/2020\/06\/I\u0307s\u0327-du\u0308nyas\u0131-kardes\u0327-u\u0308lke-Macaristan\u2019\u0131n-Kovid-19-mu\u0308cadelesine-destek-verdi-3.jpg\" class=\"rollover dt-pswp-item layzr-bg\" data-large_image_width=\"1200\" data-large_image_height=\"800\" data-dt-img-description=\"\" title=\"I\u0307s\u0327 du\u0308nyas\u0131 kardes\u0327 u\u0308lke Macaristan\u2019\u0131n Kovid-19 mu\u0308cadelesine destek verdi 3\"><img decoding=\"async\" class=\"preload-me iso-lazy-load aspect\" src=\"data:image\/svg+xml,%3Csvg%20xmlns%3D&#39;http%3A%2F%2Fwww.w3.org%2F2000%2Fsvg&#39;%20viewBox%3D&#39;0%200%20379%20253&#39;%2F%3E\" data-src=\"https:\/\/www.hepaoffice.com.tr\/wp-content\/uploads\/2020\/06\/I\u0307s\u0327-du\u0308nyas\u0131-kardes\u0327-u\u0308lke-Macaristan\u2019\u0131n-Kovid-19-mu\u0308cadelesine-destek-verdi-3-379x253.jpg\" data-srcset=\"https:\/\/www.hepaoffice.com.tr\/wp-content\/uploads\/2020\/06\/I\u0307s\u0327-du\u0308nyas\u0131-kardes\u0327-u\u0308lke-Macaristan\u2019\u0131n-Kovid-19-mu\u0308cadelesine-destek-verdi-3-379x253.jpg 379w, https:\/\/www.hepaoffice.com.tr\/wp-content\/uploads\/2020\/06\/I\u0307s\u0327-du\u0308nyas\u0131-kardes\u0327-u\u0308lke-Macaristan\u2019\u0131n-Kovid-19-mu\u0308cadelesine-destek-verdi-3-569x380.jpg 569w\" loading=\"eager\" style=\"--ratio: 379 \/ 253\" sizes=\"(max-width: 379px) 100vw, 379px\" alt=\"\" width=\"379\" height=\"253\"  \/><span class=\"gallery-rollover\"><\/span><\/a><\/figure><\/div><div class=\"wf-cell\" data-post-id=\"3622\" data-date=\"2020-06-03T10:20:19+03:00\" data-name=\"I\u0307s\u0327 du\u0308nyas\u0131 kardes\u0327 u\u0308lke Macaristan\u2019\u0131n Kovid-19 mu\u0308cadelesine destek verdi 2\"><figure class=\"post visible\"><a href=\"https:\/\/www.hepaoffice.com.tr\/wp-content\/uploads\/2020\/06\/I\u0307s\u0327-du\u0308nyas\u0131-kardes\u0327-u\u0308lke-Macaristan\u2019\u0131n-Kovid-19-mu\u0308cadelesine-destek-verdi-2.jpg\" class=\"rollover dt-pswp-item layzr-bg\" data-large_image_width=\"1200\" data-large_image_height=\"800\" data-dt-img-description=\"\" title=\"I\u0307s\u0327 du\u0308nyas\u0131 kardes\u0327 u\u0308lke Macaristan\u2019\u0131n Kovid-19 mu\u0308cadelesine destek verdi 2\"><img decoding=\"async\" class=\"preload-me iso-lazy-load aspect\" src=\"data:image\/svg+xml,%3Csvg%20xmlns%3D&#39;http%3A%2F%2Fwww.w3.org%2F2000%2Fsvg&#39;%20viewBox%3D&#39;0%200%20379%20253&#39;%2F%3E\" data-src=\"https:\/\/www.hepaoffice.com.tr\/wp-content\/uploads\/2020\/06\/I\u0307s\u0327-du\u0308nyas\u0131-kardes\u0327-u\u0308lke-Macaristan\u2019\u0131n-Kovid-19-mu\u0308cadelesine-destek-verdi-2-379x253.jpg\" data-srcset=\"https:\/\/www.hepaoffice.com.tr\/wp-content\/uploads\/2020\/06\/I\u0307s\u0327-du\u0308nyas\u0131-kardes\u0327-u\u0308lke-Macaristan\u2019\u0131n-Kovid-19-mu\u0308cadelesine-destek-verdi-2-379x253.jpg 379w, https:\/\/www.hepaoffice.com.tr\/wp-content\/uploads\/2020\/06\/I\u0307s\u0327-du\u0308nyas\u0131-kardes\u0327-u\u0308lke-Macaristan\u2019\u0131n-Kovid-19-mu\u0308cadelesine-destek-verdi-2-569x380.jpg 569w\" loading=\"eager\" style=\"--ratio: 379 \/ 253\" sizes=\"(max-width: 379px) 100vw, 379px\" alt=\"\" width=\"379\" height=\"253\"  \/><span class=\"gallery-rollover\"><\/span><\/a><\/figure><\/div><div class=\"wf-cell\" data-post-id=\"3619\" data-date=\"2020-06-03T10:20:14+03:00\" data-name=\"I\u0307s\u0327 du\u0308nyas\u0131 kardes\u0327 u\u0308lke Macaristan\u2019\u0131n Kovid-19 mu\u0308cadelesine destek verdi 1\"><figure class=\"post visible\"><a href=\"https:\/\/www.hepaoffice.com.tr\/wp-content\/uploads\/2020\/06\/I\u0307s\u0327-du\u0308nyas\u0131-kardes\u0327-u\u0308lke-Macaristan\u2019\u0131n-Kovid-19-mu\u0308cadelesine-destek-verdi-1.jpg\" class=\"rollover dt-pswp-item layzr-bg\" data-large_image_width=\"1200\" data-large_image_height=\"800\" data-dt-img-description=\"\" title=\"I\u0307s\u0327 du\u0308nyas\u0131 kardes\u0327 u\u0308lke Macaristan\u2019\u0131n Kovid-19 mu\u0308cadelesine destek verdi 1\"><img decoding=\"async\" class=\"preload-me iso-lazy-load aspect\" src=\"data:image\/svg+xml,%3Csvg%20xmlns%3D&#39;http%3A%2F%2Fwww.w3.org%2F2000%2Fsvg&#39;%20viewBox%3D&#39;0%200%20379%20253&#39;%2F%3E\" data-src=\"https:\/\/www.hepaoffice.com.tr\/wp-content\/uploads\/2020\/06\/I\u0307s\u0327-du\u0308nyas\u0131-kardes\u0327-u\u0308lke-Macaristan\u2019\u0131n-Kovid-19-mu\u0308cadelesine-destek-verdi-1-379x253.jpg\" data-srcset=\"https:\/\/www.hepaoffice.com.tr\/wp-content\/uploads\/2020\/06\/I\u0307s\u0327-du\u0308nyas\u0131-kardes\u0327-u\u0308lke-Macaristan\u2019\u0131n-Kovid-19-mu\u0308cadelesine-destek-verdi-1-379x253.jpg 379w, https:\/\/www.hepaoffice.com.tr\/wp-content\/uploads\/2020\/06\/I\u0307s\u0327-du\u0308nyas\u0131-kardes\u0327-u\u0308lke-Macaristan\u2019\u0131n-Kovid-19-mu\u0308cadelesine-destek-verdi-1-569x380.jpg 569w\" loading=\"eager\" style=\"--ratio: 379 \/ 253\" sizes=\"(max-width: 379px) 100vw, 379px\" alt=\"\" width=\"379\" height=\"253\"  \/><span class=\"gallery-rollover\"><\/span><\/a><\/figure><\/div><\/div><!-- iso-container|iso-grid --><\/div>[\/vc_column][\/vc_row]<\/p>\n<\/div>","protected":false},"excerpt":{"rendered":"<p>Foreign Economic Relations Board (DEIK)\u2019s Turkey-Hungary Business Council sent an aid convoy to Hungary as a sign of the friendship between the two countries.<\/p>\n","protected":false},"author":3,"featured_media":3662,"comment_status":"closed","ping_status":"open","sticky":false,"template":"","format":"standard","meta":{"h5ap_radio_sources":[],"footnotes":""},"categories":[37],"tags":[],"class_list":["post-3659","post","type-post","status-publish","format-standard","has-post-thumbnail","hentry","category-news","category-37","description-off"],"yoast_head":"<!-- This site is optimized with the Yoast SEO plugin v26.8 - https:\/\/yoast.com\/product\/yoast-seo-wordpress\/ -->\n<title>Turkish business community supports Hungary in the fight against COVID-19 - HEPA Office T\u00fcrkiye<\/title>\n<meta name=\"description\" content=\"Foreign Economic Relations Board (DEIK)\u2019s Turkey-Hungary Business Council sent an aid convoy to Hungary as a sign of the friendship between the two countries.\" \/>\n<meta name=\"robots\" content=\"index, follow, max-snippet:-1, max-image-preview:large, max-video-preview:-1\" \/>\n<link rel=\"canonical\" href=\"https:\/\/www.hepaoffice.com.tr\/en\/news\/turkish-business-community-supports-hungary-in-the-fight-against-covid-19\/\" \/>\n<meta property=\"og:locale\" content=\"en_US\" \/>\n<meta property=\"og:type\" content=\"article\" \/>\n<meta property=\"og:title\" content=\"Turkish business community supports Hungary in the fight against COVID-19 - HEPA Office T\u00fcrkiye\" \/>\n<meta property=\"og:description\" content=\"Foreign Economic Relations Board (DEIK)\u2019s Turkey-Hungary Business Council sent an aid convoy to Hungary as a sign of the friendship between the two countries.\" \/>\n<meta property=\"og:url\" content=\"https:\/\/www.hepaoffice.com.tr\/en\/news\/turkish-business-community-supports-hungary-in-the-fight-against-covid-19\/\" \/>\n<meta property=\"og:site_name\" content=\"HEPA Office T\u00fcrkiye\" \/>\n<meta property=\"article:published_time\" content=\"2020-06-03T10:40:23+00:00\" \/>\n<meta property=\"article:modified_time\" content=\"2020-06-03T11:15:09+00:00\" \/>\n<meta property=\"og:image\" content=\"https:\/\/www.hepaoffice.com.tr\/wp-content\/uploads\/2020\/06\/I\u0307s\u0327-du\u0308nyas\u0131-kardes\u0327-u\u0308lke-Macaristan\u2019\u0131n-Kovid-19-mu\u0308cadelesine-destek-verdi_20.jpg\" \/>\n\t<meta property=\"og:image:width\" content=\"1440\" \/>\n\t<meta property=\"og:image:height\" content=\"700\" \/>\n\t<meta property=\"og:image:type\" content=\"image\/jpeg\" \/>\n<meta name=\"author\" content=\"Hepa Office\" \/>\n<meta name=\"twitter:card\" content=\"summary_large_image\" \/>\n<meta name=\"twitter:label1\" content=\"Written by\" \/>\n\t<meta name=\"twitter:data1\" content=\"Hepa Office\" \/>\n\t<meta name=\"twitter:label2\" content=\"Est. reading time\" \/>\n\t<meta name=\"twitter:data2\" content=\"5 minutes\" \/>\n<script type=\"application\/ld+json\" class=\"yoast-schema-graph\">{\"@context\":\"https:\/\/schema.org\",\"@graph\":[{\"@type\":\"Article\",\"@id\":\"https:\/\/www.hepaoffice.com.tr\/en\/news\/turkish-business-community-supports-hungary-in-the-fight-against-covid-19\/#article\",\"isPartOf\":{\"@id\":\"https:\/\/www.hepaoffice.com.tr\/en\/news\/turkish-business-community-supports-hungary-in-the-fight-against-covid-19\/\"},\"author\":{\"name\":\"Hepa Office\",\"@id\":\"https:\/\/www.hepaoffice.com.tr\/#\/schema\/person\/ad5db123ba0e3d97acdc726069715643\"},\"headline\":\"Turkish business community supports Hungary in the fight against COVID-19\",\"datePublished\":\"2020-06-03T10:40:23+00:00\",\"dateModified\":\"2020-06-03T11:15:09+00:00\",\"mainEntityOfPage\":{\"@id\":\"https:\/\/www.hepaoffice.com.tr\/en\/news\/turkish-business-community-supports-hungary-in-the-fight-against-covid-19\/\"},\"wordCount\":943,\"image\":{\"@id\":\"https:\/\/www.hepaoffice.com.tr\/en\/news\/turkish-business-community-supports-hungary-in-the-fight-against-covid-19\/#primaryimage\"},\"thumbnailUrl\":\"https:\/\/www.hepaoffice.com.tr\/wp-content\/uploads\/2020\/06\/I\u0307s\u0327-du\u0308nyas\u0131-kardes\u0327-u\u0308lke-Macaristan\u2019\u0131n-Kovid-19-mu\u0308cadelesine-destek-verdi_20.jpg\",\"articleSection\":[\"News\"],\"inLanguage\":\"en-US\"},{\"@type\":\"WebPage\",\"@id\":\"https:\/\/www.hepaoffice.com.tr\/en\/news\/turkish-business-community-supports-hungary-in-the-fight-against-covid-19\/\",\"url\":\"https:\/\/www.hepaoffice.com.tr\/en\/news\/turkish-business-community-supports-hungary-in-the-fight-against-covid-19\/\",\"name\":\"Turkish business community supports Hungary in the fight against COVID-19 - HEPA Office T\u00fcrkiye\",\"isPartOf\":{\"@id\":\"https:\/\/www.hepaoffice.com.tr\/#website\"},\"primaryImageOfPage\":{\"@id\":\"https:\/\/www.hepaoffice.com.tr\/en\/news\/turkish-business-community-supports-hungary-in-the-fight-against-covid-19\/#primaryimage\"},\"image\":{\"@id\":\"https:\/\/www.hepaoffice.com.tr\/en\/news\/turkish-business-community-supports-hungary-in-the-fight-against-covid-19\/#primaryimage\"},\"thumbnailUrl\":\"https:\/\/www.hepaoffice.com.tr\/wp-content\/uploads\/2020\/06\/I\u0307s\u0327-du\u0308nyas\u0131-kardes\u0327-u\u0308lke-Macaristan\u2019\u0131n-Kovid-19-mu\u0308cadelesine-destek-verdi_20.jpg\",\"datePublished\":\"2020-06-03T10:40:23+00:00\",\"dateModified\":\"2020-06-03T11:15:09+00:00\",\"author\":{\"@id\":\"https:\/\/www.hepaoffice.com.tr\/#\/schema\/person\/ad5db123ba0e3d97acdc726069715643\"},\"description\":\"Foreign Economic Relations Board (DEIK)\u2019s Turkey-Hungary Business Council sent an aid convoy to Hungary as a sign of the friendship between the two countries.\",\"breadcrumb\":{\"@id\":\"https:\/\/www.hepaoffice.com.tr\/en\/news\/turkish-business-community-supports-hungary-in-the-fight-against-covid-19\/#breadcrumb\"},\"inLanguage\":\"en-US\",\"potentialAction\":[{\"@type\":\"ReadAction\",\"target\":[\"https:\/\/www.hepaoffice.com.tr\/en\/news\/turkish-business-community-supports-hungary-in-the-fight-against-covid-19\/\"]}]},{\"@type\":\"ImageObject\",\"inLanguage\":\"en-US\",\"@id\":\"https:\/\/www.hepaoffice.com.tr\/en\/news\/turkish-business-community-supports-hungary-in-the-fight-against-covid-19\/#primaryimage\",\"url\":\"https:\/\/www.hepaoffice.com.tr\/wp-content\/uploads\/2020\/06\/I\u0307s\u0327-du\u0308nyas\u0131-kardes\u0327-u\u0308lke-Macaristan\u2019\u0131n-Kovid-19-mu\u0308cadelesine-destek-verdi_20.jpg\",\"contentUrl\":\"https:\/\/www.hepaoffice.com.tr\/wp-content\/uploads\/2020\/06\/I\u0307s\u0327-du\u0308nyas\u0131-kardes\u0327-u\u0308lke-Macaristan\u2019\u0131n-Kovid-19-mu\u0308cadelesine-destek-verdi_20.jpg\",\"width\":1440,\"height\":700},{\"@type\":\"BreadcrumbList\",\"@id\":\"https:\/\/www.hepaoffice.com.tr\/en\/news\/turkish-business-community-supports-hungary-in-the-fight-against-covid-19\/#breadcrumb\",\"itemListElement\":[{\"@type\":\"ListItem\",\"position\":1,\"name\":\"Ana sayfa\",\"item\":\"https:\/\/www.hepaoffice.com.tr\/en\/\"},{\"@type\":\"ListItem\",\"position\":2,\"name\":\"Turkish business community supports Hungary in the fight against COVID-19\"}]},{\"@type\":\"WebSite\",\"@id\":\"https:\/\/www.hepaoffice.com.tr\/#website\",\"url\":\"https:\/\/www.hepaoffice.com.tr\/\",\"name\":\"HEPA Office T\u00fcrkiye\",\"description\":\"Macaristan \u0130hracat\u0131 Te\u015fvik Ajans\u0131\",\"potentialAction\":[{\"@type\":\"SearchAction\",\"target\":{\"@type\":\"EntryPoint\",\"urlTemplate\":\"https:\/\/www.hepaoffice.com.tr\/?s={search_term_string}\"},\"query-input\":{\"@type\":\"PropertyValueSpecification\",\"valueRequired\":true,\"valueName\":\"search_term_string\"}}],\"inLanguage\":\"en-US\"},{\"@type\":\"Person\",\"@id\":\"https:\/\/www.hepaoffice.com.tr\/#\/schema\/person\/ad5db123ba0e3d97acdc726069715643\",\"name\":\"Hepa Office\",\"image\":{\"@type\":\"ImageObject\",\"inLanguage\":\"en-US\",\"@id\":\"https:\/\/www.hepaoffice.com.tr\/#\/schema\/person\/image\/\",\"url\":\"https:\/\/secure.gravatar.com\/avatar\/c2bd7d6f35caf8ab602064b4f27c928b301506146e52c7d0d028257a2bb575ab?s=96&d=mm&r=g\",\"contentUrl\":\"https:\/\/secure.gravatar.com\/avatar\/c2bd7d6f35caf8ab602064b4f27c928b301506146e52c7d0d028257a2bb575ab?s=96&d=mm&r=g\",\"caption\":\"Hepa Office\"}}]}<\/script>\n<!-- \/ Yoast SEO plugin. -->","yoast_head_json":{"title":"Turkish business community supports Hungary in the fight against COVID-19 - HEPA Office T\u00fcrkiye","description":"Foreign Economic Relations Board (DEIK)\u2019s Turkey-Hungary Business Council sent an aid convoy to Hungary as a sign of the friendship between the two countries.","robots":{"index":"index","follow":"follow","max-snippet":"max-snippet:-1","max-image-preview":"max-image-preview:large","max-video-preview":"max-video-preview:-1"},"canonical":"https:\/\/www.hepaoffice.com.tr\/en\/news\/turkish-business-community-supports-hungary-in-the-fight-against-covid-19\/","og_locale":"en_US","og_type":"article","og_title":"Turkish business community supports Hungary in the fight against COVID-19 - HEPA Office T\u00fcrkiye","og_description":"Foreign Economic Relations Board (DEIK)\u2019s Turkey-Hungary Business Council sent an aid convoy to Hungary as a sign of the friendship between the two countries.","og_url":"https:\/\/www.hepaoffice.com.tr\/en\/news\/turkish-business-community-supports-hungary-in-the-fight-against-covid-19\/","og_site_name":"HEPA Office T\u00fcrkiye","article_published_time":"2020-06-03T10:40:23+00:00","article_modified_time":"2020-06-03T11:15:09+00:00","og_image":[{"width":1440,"height":700,"url":"https:\/\/www.hepaoffice.com.tr\/wp-content\/uploads\/2020\/06\/I\u0307s\u0327-du\u0308nyas\u0131-kardes\u0327-u\u0308lke-Macaristan\u2019\u0131n-Kovid-19-mu\u0308cadelesine-destek-verdi_20.jpg","type":"image\/jpeg"}],"author":"Hepa Office","twitter_card":"summary_large_image","twitter_misc":{"Written by":"Hepa Office","Est. reading time":"5 minutes"},"schema":{"@context":"https:\/\/schema.org","@graph":[{"@type":"Article","@id":"https:\/\/www.hepaoffice.com.tr\/en\/news\/turkish-business-community-supports-hungary-in-the-fight-against-covid-19\/#article","isPartOf":{"@id":"https:\/\/www.hepaoffice.com.tr\/en\/news\/turkish-business-community-supports-hungary-in-the-fight-against-covid-19\/"},"author":{"name":"Hepa Office","@id":"https:\/\/www.hepaoffice.com.tr\/#\/schema\/person\/ad5db123ba0e3d97acdc726069715643"},"headline":"Turkish business community supports Hungary in the fight against COVID-19","datePublished":"2020-06-03T10:40:23+00:00","dateModified":"2020-06-03T11:15:09+00:00","mainEntityOfPage":{"@id":"https:\/\/www.hepaoffice.com.tr\/en\/news\/turkish-business-community-supports-hungary-in-the-fight-against-covid-19\/"},"wordCount":943,"image":{"@id":"https:\/\/www.hepaoffice.com.tr\/en\/news\/turkish-business-community-supports-hungary-in-the-fight-against-covid-19\/#primaryimage"},"thumbnailUrl":"https:\/\/www.hepaoffice.com.tr\/wp-content\/uploads\/2020\/06\/I\u0307s\u0327-du\u0308nyas\u0131-kardes\u0327-u\u0308lke-Macaristan\u2019\u0131n-Kovid-19-mu\u0308cadelesine-destek-verdi_20.jpg","articleSection":["News"],"inLanguage":"en-US"},{"@type":"WebPage","@id":"https:\/\/www.hepaoffice.com.tr\/en\/news\/turkish-business-community-supports-hungary-in-the-fight-against-covid-19\/","url":"https:\/\/www.hepaoffice.com.tr\/en\/news\/turkish-business-community-supports-hungary-in-the-fight-against-covid-19\/","name":"Turkish business community supports Hungary in the fight against COVID-19 - HEPA Office T\u00fcrkiye","isPartOf":{"@id":"https:\/\/www.hepaoffice.com.tr\/#website"},"primaryImageOfPage":{"@id":"https:\/\/www.hepaoffice.com.tr\/en\/news\/turkish-business-community-supports-hungary-in-the-fight-against-covid-19\/#primaryimage"},"image":{"@id":"https:\/\/www.hepaoffice.com.tr\/en\/news\/turkish-business-community-supports-hungary-in-the-fight-against-covid-19\/#primaryimage"},"thumbnailUrl":"https:\/\/www.hepaoffice.com.tr\/wp-content\/uploads\/2020\/06\/I\u0307s\u0327-du\u0308nyas\u0131-kardes\u0327-u\u0308lke-Macaristan\u2019\u0131n-Kovid-19-mu\u0308cadelesine-destek-verdi_20.jpg","datePublished":"2020-06-03T10:40:23+00:00","dateModified":"2020-06-03T11:15:09+00:00","author":{"@id":"https:\/\/www.hepaoffice.com.tr\/#\/schema\/person\/ad5db123ba0e3d97acdc726069715643"},"description":"Foreign Economic Relations Board (DEIK)\u2019s Turkey-Hungary Business Council sent an aid convoy to Hungary as a sign of the friendship between the two countries.","breadcrumb":{"@id":"https:\/\/www.hepaoffice.com.tr\/en\/news\/turkish-business-community-supports-hungary-in-the-fight-against-covid-19\/#breadcrumb"},"inLanguage":"en-US","potentialAction":[{"@type":"ReadAction","target":["https:\/\/www.hepaoffice.com.tr\/en\/news\/turkish-business-community-supports-hungary-in-the-fight-against-covid-19\/"]}]},{"@type":"ImageObject","inLanguage":"en-US","@id":"https:\/\/www.hepaoffice.com.tr\/en\/news\/turkish-business-community-supports-hungary-in-the-fight-against-covid-19\/#primaryimage","url":"https:\/\/www.hepaoffice.com.tr\/wp-content\/uploads\/2020\/06\/I\u0307s\u0327-du\u0308nyas\u0131-kardes\u0327-u\u0308lke-Macaristan\u2019\u0131n-Kovid-19-mu\u0308cadelesine-destek-verdi_20.jpg","contentUrl":"https:\/\/www.hepaoffice.com.tr\/wp-content\/uploads\/2020\/06\/I\u0307s\u0327-du\u0308nyas\u0131-kardes\u0327-u\u0308lke-Macaristan\u2019\u0131n-Kovid-19-mu\u0308cadelesine-destek-verdi_20.jpg","width":1440,"height":700},{"@type":"BreadcrumbList","@id":"https:\/\/www.hepaoffice.com.tr\/en\/news\/turkish-business-community-supports-hungary-in-the-fight-against-covid-19\/#breadcrumb","itemListElement":[{"@type":"ListItem","position":1,"name":"Ana sayfa","item":"https:\/\/www.hepaoffice.com.tr\/en\/"},{"@type":"ListItem","position":2,"name":"Turkish business community supports Hungary in the fight against COVID-19"}]},{"@type":"WebSite","@id":"https:\/\/www.hepaoffice.com.tr\/#website","url":"https:\/\/www.hepaoffice.com.tr\/","name":"HEPA Office T\u00fcrkiye","description":"Macaristan \u0130hracat\u0131 Te\u015fvik Ajans\u0131","potentialAction":[{"@type":"SearchAction","target":{"@type":"EntryPoint","urlTemplate":"https:\/\/www.hepaoffice.com.tr\/?s={search_term_string}"},"query-input":{"@type":"PropertyValueSpecification","valueRequired":true,"valueName":"search_term_string"}}],"inLanguage":"en-US"},{"@type":"Person","@id":"https:\/\/www.hepaoffice.com.tr\/#\/schema\/person\/ad5db123ba0e3d97acdc726069715643","name":"Hepa Office","image":{"@type":"ImageObject","inLanguage":"en-US","@id":"https:\/\/www.hepaoffice.com.tr\/#\/schema\/person\/image\/","url":"https:\/\/secure.gravatar.com\/avatar\/c2bd7d6f35caf8ab602064b4f27c928b301506146e52c7d0d028257a2bb575ab?s=96&d=mm&r=g","contentUrl":"https:\/\/secure.gravatar.com\/avatar\/c2bd7d6f35caf8ab602064b4f27c928b301506146e52c7d0d028257a2bb575ab?s=96&d=mm&r=g","caption":"Hepa Office"}}]}},"_links":{"self":[{"href":"https:\/\/www.hepaoffice.com.tr\/en\/wp-json\/wp\/v2\/posts\/3659","targetHints":{"allow":["GET"]}}],"collection":[{"href":"https:\/\/www.hepaoffice.com.tr\/en\/wp-json\/wp\/v2\/posts"}],"about":[{"href":"https:\/\/www.hepaoffice.com.tr\/en\/wp-json\/wp\/v2\/types\/post"}],"author":[{"embeddable":true,"href":"https:\/\/www.hepaoffice.com.tr\/en\/wp-json\/wp\/v2\/users\/3"}],"replies":[{"embeddable":true,"href":"https:\/\/www.hepaoffice.com.tr\/en\/wp-json\/wp\/v2\/comments?post=3659"}],"version-history":[{"count":0,"href":"https:\/\/www.hepaoffice.com.tr\/en\/wp-json\/wp\/v2\/posts\/3659\/revisions"}],"wp:featuredmedia":[{"embeddable":true,"href":"https:\/\/www.hepaoffice.com.tr\/en\/wp-json\/wp\/v2\/media\/3662"}],"wp:attachment":[{"href":"https:\/\/www.hepaoffice.com.tr\/en\/wp-json\/wp\/v2\/media?parent=3659"}],"wp:term":[{"taxonomy":"category","embeddable":true,"href":"https:\/\/www.hepaoffice.com.tr\/en\/wp-json\/wp\/v2\/categories?post=3659"},{"taxonomy":"post_tag","embeddable":true,"href":"https:\/\/www.hepaoffice.com.tr\/en\/wp-json\/wp\/v2\/tags?post=3659"}],"curies":[{"name":"wp","href":"https:\/\/api.w.org\/{rel}","templated":true}]}}